{"id":202599,"date":"2022-08-04T20:39:37","date_gmt":"2022-08-04T23:39:37","guid":{"rendered":"https:\/\/diarioregionaldigital.com.br\/?p=202599"},"modified":"2022-08-04T20:39:37","modified_gmt":"2022-08-04T23:39:37","slug":"partidos-politicos-tem-ate-esta-sexta-feira-para-realizar-convencoes-partidarias","status":"publish","type":"post","link":"https:\/\/diarioregionaldigital.com.br\/?p=202599","title":{"rendered":"Partidos pol\u00edticos t\u00eam at\u00e9 esta sexta-feira para realizar conven\u00e7\u00f5es partid\u00e1rias"},"content":{"rendered":"<p>Os partidos pol\u00edticos e as federa\u00e7\u00f5es partid\u00e1rias t\u00eam at\u00e9 esta sexta-feira (5) para realizar suas conven\u00e7\u00f5es e escolher os candidatos e candidatas que v\u00e3o disputar um cargo eletivo nas elei\u00e7\u00f5es deste ano, bem como para decidir sobre a forma\u00e7\u00e3o de coliga\u00e7\u00f5es.<img decoding=\"async\" src=\"https:\/\/agenciabrasil.ebc.com.br\/ebc.png?id=1474502&amp;o=node\" \/><img decoding=\"async\" src=\"https:\/\/agenciabrasil.ebc.com.br\/ebc.gif?id=1474502&amp;o=node\" \/><\/p>\n<p>Este ano, as 34 legendas pol\u00edticas registradas no Tribunal Superior Eleitoral (TSE) foram liberadas para realizar suas reuni\u00f5es nacionais a partir de 20 de julho. Conforme estabelece o Calend\u00e1rio das Elei\u00e7\u00f5es 2022, ap\u00f3s definir os nomes que disputar\u00e3o a um cargo, os partidos, federa\u00e7\u00f5es e coliga\u00e7\u00f5es ter\u00e3o at\u00e9 o dia 15 de agosto para solicitarem o registro das candidaturas. No caso de federa\u00e7\u00f5es partid\u00e1rias, a conven\u00e7\u00e3o deve ocorrer de forma unificada, com a participa\u00e7\u00e3o de todos os partidos integrantes.<\/p>\n<p>At\u00e9 a manh\u00e3 desta quinta-feira (4), apenas quatro candidatos \u00e0 Presid\u00eancia da Rep\u00fablica tinham registrado suas candidaturas no TSE: Felipe D\u00b4Avila (Novo); L\u00e9o P\u00e9ricles (Unidade Popular-UP); Pablo Mar\u00e7al (Partido Republicano da Ordem Social-Pros) e Sofia Manzano (Partido Comunista Brasileiro-PCB). Seus vices s\u00e3o, respectivamente: Tiago Mitraud; Samara Martins; F\u00e1tima P\u00e9rola Neggra e Antonio Alves.<\/p>\n<p>Mais de 156,45 milh\u00f5es de eleitores e eleitoras est\u00e3o aptos a votar no pr\u00f3ximo dia 2 de outubro, quando os brasileiros come\u00e7ar\u00e3o a escolher o pr\u00f3ximo presidente da Rep\u00fablica, al\u00e9m dos futuros governadores, senadores e deputados federais, estaduais e distritais. A possibilidade de coliga\u00e7\u00f5es entre partidos s\u00f3 se aplica \u00e0 disputa pelos chamados cargos majorit\u00e1rios (ou seja, aqueles em que fica com a vaga o candidato que tiver mais votos, caso da escolha para presidente, governador, prefeito e senador), n\u00e3o valendo para as elei\u00e7\u00f5es proporcionais (deputados).<\/p>\n<h2>Propaganda eleitoral<\/h2>\n<p>A propaganda eleitoral somente ser\u00e1 permitida a partir do dia 16 de agosto. Consequentemente, j\u00e1 a partir do pr\u00f3ximo s\u00e1bado (6), as emissoras de r\u00e1dio e de televis\u00e3o estar\u00e3o proibidas de fazer proselitismo pol\u00edtico, n\u00e3o podendo dispensar tratamento privilegiado a qualquer candidato ou partido.<\/p>\n<p>As emissoras de r\u00e1dio e tv tamb\u00e9m n\u00e3o poder\u00e3o transmitir, mesmo que sob a forma de material jornal\u00edstico, entrevistas sobre inten\u00e7\u00e3o de voto que permitam a identifica\u00e7\u00e3o dos eleitores. E tamb\u00e9m n\u00e3o poder\u00e3o divulgar nomes de programas associados a candidaturas ou mesmo atra\u00e7\u00f5es com \u201calus\u00e3o ou cr\u00edtica a candidata, candidato, partido pol\u00edtico, federa\u00e7\u00e3o ou coliga\u00e7\u00e3o, mesmo que dissimuladamente, exceto programas jornal\u00edsticos ou debates pol\u00edticos\u201d.<\/p>\n<p>Em nota divulgada ontem (3), o TSE destacou que o C\u00f3digo Eleitoral veda propagandas alusivas a \u201cprocessos violentos para subverter o regime, a ordem pol\u00edtica e social ou de preconceitos de ra\u00e7a ou de classes; bem como que provoquem animosidade entre as For\u00e7as Armadas ou contra elas, ou delas contra as classes e institui\u00e7\u00f5es civis; incitamento de atentado contra pessoa ou bens; instiga\u00e7\u00e3o \u00e0 desobedi\u00eancia coletiva ao cumprimento da lei de ordem p\u00fablica e que implique oferecimento, promessa ou solicita\u00e7\u00e3o de dinheiro, d\u00e1diva, rifa, sorteio ou vantagem de qualquer natureza\u201d.<\/p>\n<p><span style=\"font-weight: 400;\">Fonte: Ag\u00eancia Brasil <\/span><\/p>\n","protected":false},"excerpt":{"rendered":"<p>Os partidos pol\u00edticos e as federa\u00e7\u00f5es partid\u00e1rias t\u00eam at\u00e9 esta sexta-feira (5) para realizar suas conven\u00e7\u00f5es e escolher os candidatos e candidatas que v\u00e3o disputar um cargo eletivo nas elei\u00e7\u00f5es deste ano, bem como para decidir sobre a forma\u00e7\u00e3o de coliga\u00e7\u00f5es. Este ano, as 34 legendas pol\u00edticas registradas no Tribunal Superior Eleitoral (TSE) foram liberadas [&hellip;]<\/p>\n","protected":false},"author":246,"featured_media":202600,"comment_status":"closed","ping_status":"closed","sticky":false,"template":"","format":"standard","meta":{"footnotes":""},"categories":[436,440,254,439],"tags":[],"class_list":["post-202599","post","type-post","status-publish","format-standard","has-post-thumbnail","hentry","category-destaque-da-semana","category-destaques-do-dia","category-politica","category-ultima-hora"],"_links":{"self":[{"href":"https:\/\/diarioregionaldigital.com.br\/index.php?rest_route=\/wp\/v2\/posts\/202599","targetHints":{"allow":["GET"]}}],"collection":[{"href":"https:\/\/diarioregionaldigital.com.br\/index.php?rest_route=\/wp\/v2\/posts"}],"about":[{"href":"https:\/\/diarioregionaldigital.com.br\/index.php?rest_route=\/wp\/v2\/types\/post"}],"author":[{"embeddable":true,"href":"https:\/\/diarioregionaldigital.com.br\/index.php?rest_route=\/wp\/v2\/users\/246"}],"replies":[{"embeddable":true,"href":"https:\/\/diarioregionaldigital.com.br\/index.php?rest_route=%2Fwp%2Fv2%2Fcomments&post=202599"}],"version-history":[{"count":1,"href":"https:\/\/diarioregionaldigital.com.br\/index.php?rest_route=\/wp\/v2\/posts\/202599\/revisions"}],"predecessor-version":[{"id":202601,"href":"https:\/\/diarioregionaldigital.com.br\/index.php?rest_route=\/wp\/v2\/posts\/202599\/revisions\/202601"}],"wp:featuredmedia":[{"embeddable":true,"href":"https:\/\/diarioregionaldigital.com.br\/index.php?rest_route=\/wp\/v2\/media\/202600"}],"wp:attachment":[{"href":"https:\/\/diarioregionaldigital.com.br\/index.php?rest_route=%2Fwp%2Fv2%2Fmedia&parent=202599"}],"wp:term":[{"taxonomy":"category","embeddable":true,"href":"https:\/\/diarioregionaldigital.com.br\/index.php?rest_route=%2Fwp%2Fv2%2Fcategories&post=202599"},{"taxonomy":"post_tag","embeddable":true,"href":"https:\/\/diarioregionaldigital.com.br\/index.php?rest_route=%2Fwp%2Fv2%2Ftags&post=202599"}],"curies":[{"name":"wp","href":"https:\/\/api.w.org\/{rel}","templated":true}]}}