{"id":202593,"date":"2022-08-04T20:20:41","date_gmt":"2022-08-04T23:20:41","guid":{"rendered":"https:\/\/diarioregionaldigital.com.br\/?p=202593"},"modified":"2022-08-04T20:20:41","modified_gmt":"2022-08-04T23:20:41","slug":"poupanca-tem-retirada-liquida-de-r-1266-bilhoes-em-julho","status":"publish","type":"post","link":"https:\/\/diarioregionaldigital.com.br\/?p=202593","title":{"rendered":"Poupan\u00e7a tem retirada l\u00edquida de R$ 12,66 bilh\u00f5es em julho"},"content":{"rendered":"<p>A aplica\u00e7\u00e3o financeira mais tradicional dos brasileiros continua a enfrentar a fuga de recursos. Em julho, os brasileiros sacaram R$ 12,66 bilh\u00f5es a mais do que depositaram na caderneta de poupan\u00e7a, informou hoje (4) o Banco Central (BC). Essa foi a maior retirada l\u00edquida (saques menos dep\u00f3sitos) registrada para meses de julho desde o in\u00edcio da s\u00e9rie hist\u00f3rica, em 1995.<img decoding=\"async\" src=\"https:\/\/agenciabrasil.ebc.com.br\/ebc.png?id=1474561&amp;o=node\" \/><img decoding=\"async\" src=\"https:\/\/agenciabrasil.ebc.com.br\/ebc.gif?id=1474561&amp;o=node\" \/><\/p>\n<p>Com o desempenho de julho, a poupan\u00e7a acumula retirada l\u00edquida de R$ 63,15 bilh\u00f5es nos sete primeiros meses do ano. Essa \u00e9 a maior retirada acumulada para o per\u00edodo desde o in\u00edcio da s\u00e9rie hist\u00f3rica, em 1995.<\/p>\n<p>Em 2022, a caderneta registrou capta\u00e7\u00e3o l\u00edquida (mais dep\u00f3sitos que saques) apenas em abril, quando o fluxo ficou positivo em R$ 3,51 bilh\u00f5es. Nos demais meses, as retiradas superaram os dep\u00f3sitos, num cen\u00e1rio de alta da infla\u00e7\u00e3o e do endividamento, combinado com rendimentos mais baixos por causa dos aumentos da taxa Selic (juros b\u00e1sicos da economia), que tornam outras aplica\u00e7\u00f5es de renda fixa mais atraentes.<\/p>\n<p>Em 2020, a poupan\u00e7a registrou\u00a0capta\u00e7\u00e3o l\u00edquida (dep\u00f3sitos menos saques) recorde de R$ 166,31 bilh\u00f5es. Contribuiu para o resultado a instabilidade no mercado de t\u00edtulos p\u00fablicos no in\u00edcio da pandemia de covid-19 e o pagamento do aux\u00edlio emergencial, que foi depositado em contas poupan\u00e7a digitais da Caixa Econ\u00f4mica Federal.<\/p>\n<p>No ano passado, a poupan\u00e7a registrou retirada l\u00edquida de R$ 35,5 bilh\u00f5es. A aplica\u00e7\u00e3o foi pressionada pelo fim do aux\u00edlio emergencial, pelos rendimentos baixos e pelo endividamento maior dos brasileiros. A retirada l\u00edquida \u2013 diferen\u00e7a entre saques e dep\u00f3sitos \u2013 s\u00f3 n\u00e3o foi maior que a registrada em 2015 (R$ 53,57 bilh\u00f5es) e em 2016 (R$ 40,7 bilh\u00f5es). Naqueles anos, a forte crise econ\u00f4mica levou os brasileiros a sacarem recursos da aplica\u00e7\u00e3o.<\/p>\n<h2>Rendimento<\/h2>\n<p>At\u00e9 recentemente, a poupan\u00e7a rendia 70% da Taxa Selic (juros b\u00e1sicos da economia). Desde dezembro do ano passado, a aplica\u00e7\u00e3o passou a render o equivalente \u00e0 taxa referencial (TR) mais 6,17% ao ano, porque a Selic voltou a ficar acima de 8,5% ao ano. Atualmente, os juros b\u00e1sicos est\u00e3o em 13,75% ao ano. O aumento dos juros, no entanto, foi insuficiente para fazer a poupan\u00e7a render mais que a infla\u00e7\u00e3o, provocando a fuga de alguns investidores.<\/p>\n<p>Nos 12 meses terminados em julho, a aplica\u00e7\u00e3o rendeu 6,2%, segundo o Banco Central. No mesmo per\u00edodo, o \u00cdndice Nacional de Pre\u00e7os ao Consumidor-15 (IPCA-15), que funciona como pr\u00e9via da infla\u00e7\u00e3o oficial,\u00a0<a href=\"https:\/\/agenciabrasil.ebc.com.br\/economia\/noticia\/2022-07\/previa-da-inflacao-oficial-cai-para-013-em-julho\" target=\"_blank\" rel=\"noopener\">atingiu 11,39%<\/a>. O IPCA cheio de julho ser\u00e1 divulgado no pr\u00f3ximo dia 9 pelo Instituto Brasileiro de Geografia e Estat\u00edstica (IBGE).<\/p>\n<p><span style=\"font-weight: 400;\">Fonte: Ag\u00eancia Brasil <\/span><\/p>\n","protected":false},"excerpt":{"rendered":"<p>A aplica\u00e7\u00e3o financeira mais tradicional dos brasileiros continua a enfrentar a fuga de recursos. Em julho, os brasileiros sacaram R$ 12,66 bilh\u00f5es a mais do que depositaram na caderneta de poupan\u00e7a, informou hoje (4) o Banco Central (BC). Essa foi a maior retirada l\u00edquida (saques menos dep\u00f3sitos) registrada para meses de julho desde o in\u00edcio [&hellip;]<\/p>\n","protected":false},"author":246,"featured_media":202594,"comment_status":"closed","ping_status":"closed","sticky":false,"template":"","format":"standard","meta":{"footnotes":""},"categories":[436,261,439],"tags":[],"class_list":["post-202593","post","type-post","status-publish","format-standard","has-post-thumbnail","hentry","category-destaque-da-semana","category-economia","category-ultima-hora"],"_links":{"self":[{"href":"https:\/\/diarioregionaldigital.com.br\/index.php?rest_route=\/wp\/v2\/posts\/202593","targetHints":{"allow":["GET"]}}],"collection":[{"href":"https:\/\/diarioregionaldigital.com.br\/index.php?rest_route=\/wp\/v2\/posts"}],"about":[{"href":"https:\/\/diarioregionaldigital.com.br\/index.php?rest_route=\/wp\/v2\/types\/post"}],"author":[{"embeddable":true,"href":"https:\/\/diarioregionaldigital.com.br\/index.php?rest_route=\/wp\/v2\/users\/246"}],"replies":[{"embeddable":true,"href":"https:\/\/diarioregionaldigital.com.br\/index.php?rest_route=%2Fwp%2Fv2%2Fcomments&post=202593"}],"version-history":[{"count":1,"href":"https:\/\/diarioregionaldigital.com.br\/index.php?rest_route=\/wp\/v2\/posts\/202593\/revisions"}],"predecessor-version":[{"id":202595,"href":"https:\/\/diarioregionaldigital.com.br\/index.php?rest_route=\/wp\/v2\/posts\/202593\/revisions\/202595"}],"wp:featuredmedia":[{"embeddable":true,"href":"https:\/\/diarioregionaldigital.com.br\/index.php?rest_route=\/wp\/v2\/media\/202594"}],"wp:attachment":[{"href":"https:\/\/diarioregionaldigital.com.br\/index.php?rest_route=%2Fwp%2Fv2%2Fmedia&parent=202593"}],"wp:term":[{"taxonomy":"category","embeddable":true,"href":"https:\/\/diarioregionaldigital.com.br\/index.php?rest_route=%2Fwp%2Fv2%2Fcategories&post=202593"},{"taxonomy":"post_tag","embeddable":true,"href":"https:\/\/diarioregionaldigital.com.br\/index.php?rest_route=%2Fwp%2Fv2%2Ftags&post=202593"}],"curies":[{"name":"wp","href":"https:\/\/api.w.org\/{rel}","templated":true}]}}