{"id":202588,"date":"2022-08-04T20:19:03","date_gmt":"2022-08-04T23:19:03","guid":{"rendered":"https:\/\/diarioregionaldigital.com.br\/?p=202588"},"modified":"2022-08-04T20:19:03","modified_gmt":"2022-08-04T23:19:03","slug":"auxilio-brasil-chega-a-202-milhoes-de-beneficiarios-este-mes","status":"publish","type":"post","link":"https:\/\/diarioregionaldigital.com.br\/?p=202588","title":{"rendered":"Aux\u00edlio Brasil chega a 20,2 milh\u00f5es de benefici\u00e1rios este m\u00eas"},"content":{"rendered":"<p>Com a inclus\u00e3o de mais de 2,2 milh\u00f5es de novas fam\u00edlias, 20,2 milh\u00f5es de benefici\u00e1rios, em condi\u00e7\u00e3o de vulnerabilidade social, v\u00e3o receber o m\u00ednimo de R$ 600 este m\u00eas. At\u00e9 setembro, o valor pago era de R$ 400, mas um complemento de R$ 200,\u00a0<a href=\"http:\/\/agenciabrasil.ebc.com.br\/politica\/noticia\/2022-07\/congresso-promulga-pec-que-aumenta-beneficios-sociais-ate-dezembro\" target=\"_blank\" rel=\"noopener\">aprovado pelo Congresso em julho<\/a>, reajustou o benef\u00edcio &#8211; \u00a0em car\u00e1ter emergencial &#8211; at\u00e9 31 de dezembro deste ano.<img decoding=\"async\" src=\"https:\/\/agenciabrasil.ebc.com.br\/ebc.png?id=1474472&amp;o=node\" \/><img decoding=\"async\" src=\"https:\/\/agenciabrasil.ebc.com.br\/ebc.gif?id=1474472&amp;o=node\" \/><\/p>\n<p>O estado com maior n\u00famero de novos benefici\u00e1rios \u00e9 o Rio de Janeiro: 336 mil inclus\u00f5es. Na sequ\u00eancia, aparecem S\u00e3o Paulo (290 mil), Bahia (235 mil), Pernambuco (180 mil), Par\u00e1 (141 mil), Minas Gerais (138 mil) e Cear\u00e1 (122 mil).<\/p>\n<h2>Pagamentos<\/h2>\n<p>Segundo o Minist\u00e9rio da Cidadania, o calend\u00e1rio de pagamentos foi antecipado. Na pr\u00f3xima ter\u00e7a-feira (9) o aux\u00edlio ser\u00e1 pago a benefici\u00e1rios com o N\u00famero de Identifica\u00e7\u00e3o Social (NIS) com final 1. Os repasses seguem at\u00e9 o dia 22 para o \u00faltimo grupo do m\u00eas, com final de NIS zero.<\/p>\n<p>\u201cO investimento total do Minist\u00e9rio da Cidadania para o pagamento do Aux\u00edlio Brasil, em agosto de 2022, \u00e9 superior a R$ 12,1 bilh\u00f5es. O valor m\u00e9dio \u00e9 de R$ 607,88\u201d, informou a pasta. Al\u00e9m do benef\u00edcio principal, h\u00e1 outros complementares pagos de acordo com os perfis das fam\u00edlias, como o Aux\u00edlio Esporte Escolar, a Bolsa de Inicia\u00e7\u00e3o Cient\u00edfica J\u00fanior e o Aux\u00edlio Inclus\u00e3o Produtiva Rural.<\/p>\n<h2>Finalidade<\/h2>\n<p>O Aux\u00edlio Brasil \u00e9 voltado a fam\u00edlias em situa\u00e7\u00e3o de vulnerabilidade econ\u00f4mica e social. Para que sejam habilitadas, elas precisam atender crit\u00e9rios de elegibilidade, como apresentar renda\u00a0<em>per capita<\/em>\u00a0[por cabe\u00e7a] classificada como situa\u00e7\u00e3o de pobreza ou de extrema pobreza, ter os dados atualizados no Cadastro \u00danico nos \u00faltimos 24 meses e n\u00e3o ter informa\u00e7\u00f5es divergentes entre as declaradas no cadastro e as de outras bases de dados federais.<\/p>\n<p>A sele\u00e7\u00e3o \u00e9 feita de forma autom\u00e1tica, considerando a estimativa de pobreza, a quantidade de fam\u00edlias atendidas em cada munic\u00edpio e o limite or\u00e7ament\u00e1rio anual do Aux\u00edlio Brasil.<\/p>\n<p><span style=\"font-weight: 400;\">Fonte: Ag\u00eancia Brasil <\/span><\/p>\n","protected":false},"excerpt":{"rendered":"<p>Com a inclus\u00e3o de mais de 2,2 milh\u00f5es de novas fam\u00edlias, 20,2 milh\u00f5es de benefici\u00e1rios, em condi\u00e7\u00e3o de vulnerabilidade social, v\u00e3o receber o m\u00ednimo de R$ 600 este m\u00eas. At\u00e9 setembro, o valor pago era de R$ 400, mas um complemento de R$ 200,\u00a0aprovado pelo Congresso em julho, reajustou o benef\u00edcio &#8211; \u00a0em car\u00e1ter emergencial [&hellip;]<\/p>\n","protected":false},"author":246,"featured_media":202590,"comment_status":"closed","ping_status":"closed","sticky":false,"template":"","format":"standard","meta":{"footnotes":""},"categories":[436,261,439],"tags":[],"class_list":["post-202588","post","type-post","status-publish","format-standard","has-post-thumbnail","hentry","category-destaque-da-semana","category-economia","category-ultima-hora"],"_links":{"self":[{"href":"https:\/\/diarioregionaldigital.com.br\/index.php?rest_route=\/wp\/v2\/posts\/202588","targetHints":{"allow":["GET"]}}],"collection":[{"href":"https:\/\/diarioregionaldigital.com.br\/index.php?rest_route=\/wp\/v2\/posts"}],"about":[{"href":"https:\/\/diarioregionaldigital.com.br\/index.php?rest_route=\/wp\/v2\/types\/post"}],"author":[{"embeddable":true,"href":"https:\/\/diarioregionaldigital.com.br\/index.php?rest_route=\/wp\/v2\/users\/246"}],"replies":[{"embeddable":true,"href":"https:\/\/diarioregionaldigital.com.br\/index.php?rest_route=%2Fwp%2Fv2%2Fcomments&post=202588"}],"version-history":[{"count":2,"href":"https:\/\/diarioregionaldigital.com.br\/index.php?rest_route=\/wp\/v2\/posts\/202588\/revisions"}],"predecessor-version":[{"id":202592,"href":"https:\/\/diarioregionaldigital.com.br\/index.php?rest_route=\/wp\/v2\/posts\/202588\/revisions\/202592"}],"wp:featuredmedia":[{"embeddable":true,"href":"https:\/\/diarioregionaldigital.com.br\/index.php?rest_route=\/wp\/v2\/media\/202590"}],"wp:attachment":[{"href":"https:\/\/diarioregionaldigital.com.br\/index.php?rest_route=%2Fwp%2Fv2%2Fmedia&parent=202588"}],"wp:term":[{"taxonomy":"category","embeddable":true,"href":"https:\/\/diarioregionaldigital.com.br\/index.php?rest_route=%2Fwp%2Fv2%2Fcategories&post=202588"},{"taxonomy":"post_tag","embeddable":true,"href":"https:\/\/diarioregionaldigital.com.br\/index.php?rest_route=%2Fwp%2Fv2%2Ftags&post=202588"}],"curies":[{"name":"wp","href":"https:\/\/api.w.org\/{rel}","templated":true}]}}