{"id":202564,"date":"2022-08-03T21:28:04","date_gmt":"2022-08-04T00:28:04","guid":{"rendered":"https:\/\/diarioregionaldigital.com.br\/?p=202564"},"modified":"2022-08-03T21:28:04","modified_gmt":"2022-08-04T00:28:04","slug":"programa-boniteza-realiza-125-intervencoes-nesta-quarta-3","status":"publish","type":"post","link":"https:\/\/diarioregionaldigital.com.br\/?p=202564","title":{"rendered":"Programa Boniteza realiza 125 interven\u00e7\u00f5es nesta quarta, 3"},"content":{"rendered":"<p>Segundo informa\u00e7\u00f5es do site da Prefeitura de Juiz de Fora (PJF), o Programa Boniteza da Prefeitura de Juiz de Fora (PJF) opera em 125 interven\u00e7\u00f5es nesta quarta-feira, 3.<br \/>\n<strong>Obras<\/strong><br \/>\nOs Departamentos de Opera\u00e7\u00e3o e Manuten\u00e7\u00e3o em Obras (Domo) e de Estradas Vicinais da Secretaria de Obras t\u00eam previstas 16 a\u00e7\u00f5es.<br \/>\n<strong>Interven\u00e7\u00f5es em continuidade:<\/strong><br \/>\n&#8211; Corre\u00e7\u00e3o de eros\u00e3o pluvial &#8211; Rua Geraldo Scaldini &#8211; Jardim Natal<\/p>\n<p>&#8211; Coloca\u00e7\u00e3o de grades de concreto &#8211; Avenida Get\u00falio Vargas &#8211;\u00a0 Centro<\/p>\n<p>&#8211; Execu\u00e7\u00e3o de meio fio &#8211; Rua Jos\u00e9 Barata &#8211; Santos Dumont<\/p>\n<p>&#8211; Limpeza do c\u00f3rrego da Vargem grande &#8211; Estrada Pedra Branca &#8211; N\u00e1utico<\/p>\n<p>&#8211; Execu\u00e7\u00e3o de enroncamento para constru\u00e7\u00e3o de ponte sobre c\u00f3rrego &#8211; Estrada Pedra Branca &#8211; N\u00e1utico<\/p>\n<p>&#8211; Patrolamento &#8211; Estrada de palmital<\/p>\n<p>&#8211; Recomposi\u00e7\u00e3o de cerca pr\u00f3ximo ao bueiro qu\u00e1druplo de metro &#8211; Estrada da Varginha<br \/>\n<strong>Novas interven\u00e7\u00f5es:<\/strong><br \/>\n&#8211; Limpeza de boca de lobo &#8211; Avenida Presidente Itamar Franco &#8211; Centro<\/p>\n<p>&#8211; Constru\u00e7\u00e3o de muro de conten\u00e7\u00e3o &#8211; Rua Z\u00e9lia Maria Valentim &#8211; S\u00e3o Pedro<\/p>\n<p>&#8211; Demoli\u00e7\u00e3o do posto policial &#8211; Avenida Francisco Valadares &#8211; Vila Ideal<\/p>\n<p>&#8211; Corre\u00e7\u00e3o de eros\u00e3o pluvial &#8211; Rua Pitangui &#8211; Nossa Senhora Aparecida<\/p>\n<p>&#8211; Transporte de material &#8211; Estrada de palmital<\/p>\n<p>&#8211; Retirada de entulho &#8211; Estrada do Ba\u00fa &#8211; Torre\u00f5es<\/p>\n<p>&#8211; Patrolamento &#8211; Estrada do Mascate &#8211; Monte verde<\/p>\n<p>&#8211; Retirada de entulho &#8211; Estrada do cristal &#8211; Sarandira<\/p>\n<p>&#8211; Retirada de entulho &#8211; Estrada do tira teima &#8211; Caet\u00e9<br \/>\n<strong>Ilumina\u00e7\u00e3o P\u00fablica<\/strong><br \/>\nO departamento de Ilumina\u00e7\u00e3o P\u00fablica da PJF d\u00e1 continuidade \u00e0s a\u00e7\u00f5es com a previs\u00e3o de trocas de 109 l\u00e2mpadas em todas as regi\u00f5es.<br \/>\n<strong>Democrata<\/strong><\/p>\n<p>Acesso Ao Hospital Militar<br \/>\n<strong>F\u00e1brica<\/strong><\/p>\n<p>Rua Marechal Carombert Pereira Da Costa<\/p>\n<p>Rua Bernardo Mascarenhas<br \/>\n<strong>Poco Rico<\/strong><\/p>\n<p>Rua Amazonas<\/p>\n<p>Rua Alagoas<\/p>\n<p>Rua Professora Carolina Coelho<br \/>\n<strong>S\u00e3o Dimas<\/strong><\/p>\n<p>Rua Coronel Vidal<br \/>\n<strong>Jardim Gl\u00f3ria<\/strong><\/p>\n<p>Rua Da Laguna<br \/>\n<strong>Bom Jardim<\/strong><\/p>\n<p>Rua Diva Garcia<\/p>\n<p>Rua Jo\u00e3o Henriques Vila Real<br \/>\n<strong>Vila Alpina<\/strong><\/p>\n<p>Rua S\u00e9rvulo Pereira Monteiro<br \/>\n<strong>Santa Rita<\/strong><\/p>\n<p>Rua Orville Derby Dutra<\/p>\n<p>Rua Joao Henrique V. Real<br \/>\n<strong>S\u00e3o Sebasti\u00e3o<\/strong><\/p>\n<p>Rua Antonio Leocadio Guedes<br \/>\n<strong>Marumbi<\/strong><\/p>\n<p>Rua Ant\u00f4nio Ribeiro De Almeida<\/p>\n<p>Rua Silvestre De Araujo Porto<br \/>\n<strong>Linhares<\/strong><\/p>\n<p>Rua Doutor Moacyr De Castro Xavier<\/p>\n<p>Rua Diva Garcia<\/p>\n<p>Estrada Jfa010 Ou Rua Diva Garcia<\/p>\n<p>Rua Antonio Ribeiro De Almeida<br \/>\n<strong>Santa C\u00e2ndida<\/strong><\/p>\n<p>Rua Dante Bellei<br \/>\n<strong>Tr\u00eas Moinhos<\/strong><\/p>\n<p>Rua Diva Garcia<br \/>\n<strong>Nossa Senhora Aparecida<\/strong><\/p>\n<p>Rua Sao Tarcisio<br \/>\n<strong>Vitorino Braga<\/strong><\/p>\n<p>Rua Doutor Clorindo Burnier<br \/>\n<strong>Parque Independ\u00eancia<\/strong><\/p>\n<p>Rua Archimedes Segantini<\/p>\n<p>Rua Jaime De Souza<br \/>\n<strong>Grama<\/strong><\/p>\n<p>Rua Franklin Soares Ferreira<\/p>\n<p>Rua Geraldo Martins Costa<\/p>\n<p>Rua Maria De Lourdes<\/p>\n<p>Rua Terezinha<br \/>\n<strong>Bom Clima<\/strong><\/p>\n<p>Rua Aur\u00e9lio Ferreira Salgado<\/p>\n<p>Rua Virg\u00ednia Nocelli<br \/>\n<strong>Quintas Da Avenida<\/strong><\/p>\n<p>Rua Arcioli Lazzarini<br \/>\n<strong>Granjas Bethania<\/strong><\/p>\n<p>Rua Avelino Jacob Da Silva<\/p>\n<p>Rua Otac\u00edlio Esteves Da Silva<br \/>\n<strong>Eldorado<\/strong><\/p>\n<p>Travessa Gabriel Neves<br \/>\n<strong>Vivendas Da Serra<\/strong><\/p>\n<p>Rua Humberto Luigi Louisi<br \/>\n<strong>Parque Guarani<\/strong><\/p>\n<p>Rua Mercedes Rodrigues Barreto<br \/>\n<strong>Filgueiras<\/strong><\/p>\n<p>Rua Jos\u00e9 Faustino Santiago<br \/>\n<strong>Vale Dos Pe\u00f5es<\/strong><\/p>\n<p>Rua Ant\u00f3nio C Pereira<br \/>\n<strong>Recanto Dos Lagos<\/strong><\/p>\n<p>Rua Maur\u00edcio Fagundes Resende<br \/>\n<strong>Jardim Natal<\/strong><\/p>\n<p>Rua Trajano Braz Oliveira<\/p>\n<p>Rua Tenente Lucas Drumont<\/p>\n<p>Rua Ant\u00f4nio Carlos Da Silva<br \/>\n<strong>Cidade Do Sol<\/strong><\/p>\n<p>Rua Jorge Jose De Jesus<\/p>\n<p>Rua Franklin De Paula Marques<br \/>\n<strong>Milho Branco<\/strong><\/p>\n<p>Rua Ottoni De Campos Alvim<br \/>\n<strong>Igrejinha<\/strong><\/p>\n<p>Rua Da Esta\u00e7\u00e3o<\/p>\n<p>Rua G<\/p>\n<p>Rua Cleir Reis Duque<br \/>\n<strong>Monte Castelo<\/strong><\/p>\n<p>Rua En\u00e9as Mascarenhas<br \/>\n<strong>Fontesville<\/strong><\/p>\n<p>Avenida Vereador Raymundo Hargreaves<br \/>\n<strong>Esplanada<\/strong><\/p>\n<p>Rua Luis Andr\u00e9 Hagen<br \/>\n<strong>J\u00f3quei Clube I<\/strong><\/p>\n<p>Rua Wenceslau Braz<br \/>\n<strong>Nova Era<\/strong><\/p>\n<p>Rua Jos\u00e9 Miguel Dion\u00edsio<br \/>\n<strong>Barbosa Lage<\/strong><\/p>\n<p>Rua Hiram Alves Cyrino<br \/>\n<strong>Humait\u00e1<\/strong><\/p>\n<p>Estrada Da Cachoeira<br \/>\n<strong>Valadares<\/strong><\/p>\n<p>Rua Da Esta\u00e7\u00e3o<\/p>\n<p>Rua Jo\u00e3o Batista Guedes<br \/>\n<strong>Lourdes\u00a0<\/strong><\/p>\n<p>Rua Rubens Mendes<br \/>\n<strong>Gabinete de A\u00e7\u00e3o e Di\u00e1logo Comunit\u00e1rio<\/strong><br \/>\nAs a\u00e7\u00f5es da Secretaria de Obras s\u00e3o realizadas atrav\u00e9s do Gabinete de A\u00e7\u00e3o e Di\u00e1logo Comunit\u00e1rio, que recebe demandas de melhorias urbanas pelo n\u00famero (32) 3690-7241, por liga\u00e7\u00e3o ou WhatsApp.<br \/>\nNo\u00a0<a href=\"https:\/\/www.pjf.mg.gov.br\/gabinetecomunitario\/\"><strong>site do gabinete<\/strong><\/a>, est\u00e3o dispon\u00edveis informa\u00e7\u00f5es atualizadas\u00a0 diariamente sobre os servi\u00e7os realizados pelas secretarias de Obras (SO); de Sustentabilidade em Meio Ambiente e Atividades Urbanas (Sesmaur); de Mobilidade Urbana (SMU); e pela\u00a0 Empresa Municipal de Pavimenta\u00e7\u00e3o e Urbaniza\u00e7\u00e3o (Empav); Departamento Municipal de Limpeza Urbana (Demlurb); e Companhia de Saneamento Municipal (Cesama).<\/p>\n","protected":false},"excerpt":{"rendered":"<p>Segundo informa\u00e7\u00f5es do site da Prefeitura de Juiz de Fora (PJF), o Programa Boniteza da Prefeitura de Juiz de Fora (PJF) opera em 125 interven\u00e7\u00f5es nesta quarta-feira, 3. Obras Os Departamentos de Opera\u00e7\u00e3o e Manuten\u00e7\u00e3o em Obras (Domo) e de Estradas Vicinais da Secretaria de Obras t\u00eam previstas 16 a\u00e7\u00f5es. Interven\u00e7\u00f5es em continuidade: &#8211; Corre\u00e7\u00e3o [&hellip;]<\/p>\n","protected":false},"author":246,"featured_media":202565,"comment_status":"closed","ping_status":"closed","sticky":false,"template":"","format":"standard","meta":{"footnotes":""},"categories":[253,436,439],"tags":[],"class_list":["post-202564","post","type-post","status-publish","format-standard","has-post-thumbnail","hentry","category-cidade","category-destaque-da-semana","category-ultima-hora"],"_links":{"self":[{"href":"https:\/\/diarioregionaldigital.com.br\/index.php?rest_route=\/wp\/v2\/posts\/202564","targetHints":{"allow":["GET"]}}],"collection":[{"href":"https:\/\/diarioregionaldigital.com.br\/index.php?rest_route=\/wp\/v2\/posts"}],"about":[{"href":"https:\/\/diarioregionaldigital.com.br\/index.php?rest_route=\/wp\/v2\/types\/post"}],"author":[{"embeddable":true,"href":"https:\/\/diarioregionaldigital.com.br\/index.php?rest_route=\/wp\/v2\/users\/246"}],"replies":[{"embeddable":true,"href":"https:\/\/diarioregionaldigital.com.br\/index.php?rest_route=%2Fwp%2Fv2%2Fcomments&post=202564"}],"version-history":[{"count":1,"href":"https:\/\/diarioregionaldigital.com.br\/index.php?rest_route=\/wp\/v2\/posts\/202564\/revisions"}],"predecessor-version":[{"id":202566,"href":"https:\/\/diarioregionaldigital.com.br\/index.php?rest_route=\/wp\/v2\/posts\/202564\/revisions\/202566"}],"wp:featuredmedia":[{"embeddable":true,"href":"https:\/\/diarioregionaldigital.com.br\/index.php?rest_route=\/wp\/v2\/media\/202565"}],"wp:attachment":[{"href":"https:\/\/diarioregionaldigital.com.br\/index.php?rest_route=%2Fwp%2Fv2%2Fmedia&parent=202564"}],"wp:term":[{"taxonomy":"category","embeddable":true,"href":"https:\/\/diarioregionaldigital.com.br\/index.php?rest_route=%2Fwp%2Fv2%2Fcategories&post=202564"},{"taxonomy":"post_tag","embeddable":true,"href":"https:\/\/diarioregionaldigital.com.br\/index.php?rest_route=%2Fwp%2Fv2%2Ftags&post=202564"}],"curies":[{"name":"wp","href":"https:\/\/api.w.org\/{rel}","templated":true}]}}