{"id":202561,"date":"2022-08-03T21:24:03","date_gmt":"2022-08-04T00:24:03","guid":{"rendered":"https:\/\/diarioregionaldigital.com.br\/?p=202561"},"modified":"2022-08-03T21:24:03","modified_gmt":"2022-08-04T00:24:03","slug":"parque-municipal-abre-agenda-para-visitas-guiadas-do-segundo-semestre","status":"publish","type":"post","link":"https:\/\/diarioregionaldigital.com.br\/?p=202561","title":{"rendered":"Parque Municipal abre agenda para Visitas Guiadas do segundo semestre"},"content":{"rendered":"<p>Segundo informa\u00e7\u00f5es do site da Prefeitura de Juiz de Fora (PJF), ap\u00f3s o recesso escolar, o Parque Municipal est\u00e1 abrindo a agenda das Visitas Guiadas para o segundo semestre letivo, a partir desta quarta-feira, 3. As visitas se tornaram um sucesso este ano, com 38 grupos agendados e mais de 1800 pessoas atendidas, entre abril e julho. O agendamento deve ser feito com no m\u00ednimo cinco dias de anteced\u00eancia da data pretendida.<\/p>\n<div id=\"box_texto_noticia\">\n<p>&nbsp;<\/p>\n<p>A Visita Guiada pode ser feita por escolas, faculdades, turistas, institui\u00e7\u00f5es ou visitantes em geral, com grupos a partir de cinco pessoas. As visitas t\u00eam como objetivo atingir diferentes faixas et\u00e1rias da popula\u00e7\u00e3o para desenvolver e despertar as necessidades de preserva\u00e7\u00e3o do Meio Ambiente, por meio da Educa\u00e7\u00e3o Ambiental, e tamb\u00e9m atividades l\u00fadicas e interpretativas no Parque Municipal.<br \/>\nCom isso, o setor de Turismo do Parque Municipal dividiu as Visitas Guiadas em diferentes roteiros, para que cada grupo escolha qual o melhor para sua visita: \u201cCaminhos da Mata\u201d, com passeio pela Trilha do Parque, na \u00e1rea do estacionamento; \u201cCaminhos do Parque\u201d, onde o interior do Parque \u00e9 explorado; e \u201cCaminhos do Bosque\u201d, em que os visitantes t\u00eam a experi\u00eancia de conhecer um lugar cercado por Mata Atl\u00e2ntica, rica de fauna e flora. Para melhor visualiza\u00e7\u00e3o, em anexo est\u00e3o todos os roteiros que s\u00e3o oferecidos.<br \/>\nPara agendar a Visita Guiada \u00e9 necess\u00e1rio ligar para o telefone (32) 3690-3655 ou pelo e-mail parquemunicipaljf@gmail.com. Os hor\u00e1rios s\u00e3o de ter\u00e7a \u00e0 sexta-feira, em dois hor\u00e1rios: 8h e 14h.<br \/>\nO Parque Municipal est\u00e1 localizado na Rua do Contorno 8, no bairro Nova Calif\u00f3rnia, e funciona das 8h \u00e0s 17h, permitindo a entrada de visitantes at\u00e9 \u00e0s 16h. Para quem precisa do transporte p\u00fablico, as linhas que atendem o Parque s\u00e3o 520 (Aeroporto), 531 (Nova Calif\u00f3rnia) e 537 (Jardim da Serra), todos descritos no letreiro com \u201cVia Parque Municipal\u201d.\n<\/p><\/div>\n","protected":false},"excerpt":{"rendered":"<p>Segundo informa\u00e7\u00f5es do site da Prefeitura de Juiz de Fora (PJF), ap\u00f3s o recesso escolar, o Parque Municipal est\u00e1 abrindo a agenda das Visitas Guiadas para o segundo semestre letivo, a partir desta quarta-feira, 3. As visitas se tornaram um sucesso este ano, com 38 grupos agendados e mais de 1800 pessoas atendidas, entre abril [&hellip;]<\/p>\n","protected":false},"author":246,"featured_media":202562,"comment_status":"closed","ping_status":"closed","sticky":false,"template":"","format":"standard","meta":{"footnotes":""},"categories":[253,436,439],"tags":[],"class_list":["post-202561","post","type-post","status-publish","format-standard","has-post-thumbnail","hentry","category-cidade","category-destaque-da-semana","category-ultima-hora"],"_links":{"self":[{"href":"https:\/\/diarioregionaldigital.com.br\/index.php?rest_route=\/wp\/v2\/posts\/202561","targetHints":{"allow":["GET"]}}],"collection":[{"href":"https:\/\/diarioregionaldigital.com.br\/index.php?rest_route=\/wp\/v2\/posts"}],"about":[{"href":"https:\/\/diarioregionaldigital.com.br\/index.php?rest_route=\/wp\/v2\/types\/post"}],"author":[{"embeddable":true,"href":"https:\/\/diarioregionaldigital.com.br\/index.php?rest_route=\/wp\/v2\/users\/246"}],"replies":[{"embeddable":true,"href":"https:\/\/diarioregionaldigital.com.br\/index.php?rest_route=%2Fwp%2Fv2%2Fcomments&post=202561"}],"version-history":[{"count":1,"href":"https:\/\/diarioregionaldigital.com.br\/index.php?rest_route=\/wp\/v2\/posts\/202561\/revisions"}],"predecessor-version":[{"id":202563,"href":"https:\/\/diarioregionaldigital.com.br\/index.php?rest_route=\/wp\/v2\/posts\/202561\/revisions\/202563"}],"wp:featuredmedia":[{"embeddable":true,"href":"https:\/\/diarioregionaldigital.com.br\/index.php?rest_route=\/wp\/v2\/media\/202562"}],"wp:attachment":[{"href":"https:\/\/diarioregionaldigital.com.br\/index.php?rest_route=%2Fwp%2Fv2%2Fmedia&parent=202561"}],"wp:term":[{"taxonomy":"category","embeddable":true,"href":"https:\/\/diarioregionaldigital.com.br\/index.php?rest_route=%2Fwp%2Fv2%2Fcategories&post=202561"},{"taxonomy":"post_tag","embeddable":true,"href":"https:\/\/diarioregionaldigital.com.br\/index.php?rest_route=%2Fwp%2Fv2%2Ftags&post=202561"}],"curies":[{"name":"wp","href":"https:\/\/api.w.org\/{rel}","templated":true}]}}