{"id":202555,"date":"2022-08-03T21:18:28","date_gmt":"2022-08-04T00:18:28","guid":{"rendered":"https:\/\/diarioregionaldigital.com.br\/?p=202555"},"modified":"2022-08-03T21:18:28","modified_gmt":"2022-08-04T00:18:28","slug":"parque-da-lajinha-alcanca-novo-recorde-de-publico-com-mais-de-24-mil-visitas-em-julho","status":"publish","type":"post","link":"https:\/\/diarioregionaldigital.com.br\/?p=202555","title":{"rendered":"Parque da Lajinha alcan\u00e7a novo recorde de p\u00fablico com mais de 24 mil visitas em julho"},"content":{"rendered":"<p>Segundo informa\u00e7\u00f5es do site da Prefeitura de Juiz de Fora (PJF), o Parque da Lajinha da Prefeitura de Juiz de Fora (PJF) alcan\u00e7ou novo recorde de p\u00fablico, recebendo 24.562 pessoas somente no m\u00eas de julho. Neste mesmo per\u00edodo, no ano anterior, foram registradas 17.258 visitas. Este ano, al\u00e9m do aumento t\u00edpico na movimenta\u00e7\u00e3o no per\u00edodo por conta das f\u00e9rias escolares, foi realizada a 1\u00aa Col\u00f4nia de F\u00e9rias, com a\u00e7\u00f5es espec\u00edficas para proporcionar maior integra\u00e7\u00e3o com a natureza, lazer e muita divers\u00e3o para as crian\u00e7as. Desde o in\u00edcio do ano, a Secretaria de Sustentabilidade em Meio Ambiente e Atividades Urbanas (Sesmaur), respons\u00e1vel pela administra\u00e7\u00e3o do Parque, vem realizando a\u00e7\u00f5es e projetos, os quais t\u00eam contribu\u00eddo com o aumento da movimenta\u00e7\u00e3o no local. O total de visita\u00e7\u00f5es de janeiro at\u00e9 julho \u00e9 de 87.525.<br \/>\n<strong>Projetos em andamento no Parque da Lajinha:<\/strong><br \/>\n<strong>Domingo no Parque<\/strong><br \/>\n&#8211; Acontece no segundo domingo de cada m\u00eas, com a proposta de oferecer, de forma gratuita, atividades art\u00edsticas, culturais e\u00a0 pr\u00e1ticas esportivas de bem-estar aos visitantes;<br \/>\n&#8211; Os artistas e profissionais interessados em participar, voluntariamente, devem acessar o\u00a0<a href=\"https:\/\/docs.google.com\/forms\/d\/1FVJJTyb10SoCgbwmSNeVzVwJk2K3ZR76pYagMYXHRFU\/edit\"><strong>link<\/strong><\/a>\u00a0e preencher as informa\u00e7\u00f5es, propondo\u00a0a\u00e7\u00f5es de esporte, dan\u00e7a, m\u00fasica, manifesta\u00e7\u00f5es culturais diversas, entre outras.<br \/>\n&#8211; Os profissionais selecionados ter\u00e3o a oportunidade de divulgar o seu trabalho.<br \/>\n<strong>Visita Orientada<\/strong><br \/>\n&#8211; A atividade gratuita \u00e9 aberta \u00e0s escolas p\u00fablicas e privadas, ou\u00a0 grupos a partir de dez pessoas.<br \/>\n&#8211; Durante a visita, os frequentadores conhecem a hist\u00f3ria e as curiosidades do Parque, al\u00e9m de percorrem uma trilha ecol\u00f3gica acompanhados por um profissional respons\u00e1vel.<br \/>\n&#8211; As inscri\u00e7\u00f5es podem ser feitas atrav\u00e9s do e-mail parquedalajinha@pjf.mg.gov.br.<\/p>\n","protected":false},"excerpt":{"rendered":"<p>Segundo informa\u00e7\u00f5es do site da Prefeitura de Juiz de Fora (PJF), o Parque da Lajinha da Prefeitura de Juiz de Fora (PJF) alcan\u00e7ou novo recorde de p\u00fablico, recebendo 24.562 pessoas somente no m\u00eas de julho. Neste mesmo per\u00edodo, no ano anterior, foram registradas 17.258 visitas. Este ano, al\u00e9m do aumento t\u00edpico na movimenta\u00e7\u00e3o no per\u00edodo [&hellip;]<\/p>\n","protected":false},"author":246,"featured_media":202556,"comment_status":"closed","ping_status":"closed","sticky":false,"template":"","format":"standard","meta":{"footnotes":""},"categories":[253,436,440,439],"tags":[],"class_list":["post-202555","post","type-post","status-publish","format-standard","has-post-thumbnail","hentry","category-cidade","category-destaque-da-semana","category-destaques-do-dia","category-ultima-hora"],"_links":{"self":[{"href":"https:\/\/diarioregionaldigital.com.br\/index.php?rest_route=\/wp\/v2\/posts\/202555","targetHints":{"allow":["GET"]}}],"collection":[{"href":"https:\/\/diarioregionaldigital.com.br\/index.php?rest_route=\/wp\/v2\/posts"}],"about":[{"href":"https:\/\/diarioregionaldigital.com.br\/index.php?rest_route=\/wp\/v2\/types\/post"}],"author":[{"embeddable":true,"href":"https:\/\/diarioregionaldigital.com.br\/index.php?rest_route=\/wp\/v2\/users\/246"}],"replies":[{"embeddable":true,"href":"https:\/\/diarioregionaldigital.com.br\/index.php?rest_route=%2Fwp%2Fv2%2Fcomments&post=202555"}],"version-history":[{"count":1,"href":"https:\/\/diarioregionaldigital.com.br\/index.php?rest_route=\/wp\/v2\/posts\/202555\/revisions"}],"predecessor-version":[{"id":202557,"href":"https:\/\/diarioregionaldigital.com.br\/index.php?rest_route=\/wp\/v2\/posts\/202555\/revisions\/202557"}],"wp:featuredmedia":[{"embeddable":true,"href":"https:\/\/diarioregionaldigital.com.br\/index.php?rest_route=\/wp\/v2\/media\/202556"}],"wp:attachment":[{"href":"https:\/\/diarioregionaldigital.com.br\/index.php?rest_route=%2Fwp%2Fv2%2Fmedia&parent=202555"}],"wp:term":[{"taxonomy":"category","embeddable":true,"href":"https:\/\/diarioregionaldigital.com.br\/index.php?rest_route=%2Fwp%2Fv2%2Fcategories&post=202555"},{"taxonomy":"post_tag","embeddable":true,"href":"https:\/\/diarioregionaldigital.com.br\/index.php?rest_route=%2Fwp%2Fv2%2Ftags&post=202555"}],"curies":[{"name":"wp","href":"https:\/\/api.w.org\/{rel}","templated":true}]}}