{"id":202549,"date":"2022-08-03T21:01:39","date_gmt":"2022-08-04T00:01:39","guid":{"rendered":"https:\/\/diarioregionaldigital.com.br\/?p=202549"},"modified":"2022-08-03T21:01:39","modified_gmt":"2022-08-04T00:01:39","slug":"palmeiras-goleia-avai-por-6-a-1-e-mantem-ponta-do-brasileiro-feminino","status":"publish","type":"post","link":"https:\/\/diarioregionaldigital.com.br\/?p=202549","title":{"rendered":"Palmeiras goleia Ava\u00ed por 6 a 1 e mant\u00e9m ponta do Brasileiro Feminino"},"content":{"rendered":"<p>O Palmeiras goleou o Ava\u00ed\/Kindermann por 6 a 1, nesta quarta-feira (3) no Allianz Parque, e manteve a lideran\u00e7a da S\u00e9rie A1 (primeira divis\u00e3o) do Campeonato Brasileiro de Futebol Feminino.<img decoding=\"async\" src=\"https:\/\/agenciabrasil.ebc.com.br\/ebc.png?id=1474357&amp;o=node\" \/><img decoding=\"async\" src=\"https:\/\/agenciabrasil.ebc.com.br\/ebc.gif?id=1474357&amp;o=node\" \/><\/p>\n<p>Com o resultado, v\u00e1lido pela 14\u00aa rodada da primeira fase da competi\u00e7\u00e3o, o Verd\u00e3o chegou aos 34 pontos. A vit\u00f3ria do Palmeiras foi constru\u00edda com gols de Bruna Calderan, Bia Zaneratto, Carol Rodrigues, Patr\u00edcia Sochor e Byanca Brasil (dois). Vit\u00f3ria Ka\u00edssa marcou o de honra das Leoas.<\/p>\n<p>Quem mant\u00e9m a vice-lideran\u00e7a da classifica\u00e7\u00e3o \u00e9 o Internacional, que bateu o Santos por 3 a 2 para chegar aos 33 pontos. As Gurias Coloradas venceram gra\u00e7as ao faro de gol de Isabela e Millene (duas vezes). Brena e Cristiane descontaram.<\/p>\n<p>A nota negativa da rodada foi o rebaixamento do S\u00e3o Jos\u00e9, que teve a queda decretada ap\u00f3s perder de 3 a 1 para o Gr\u00eamio. A equipe \u00e9 tricampe\u00e3 da Copa Libertadores, al\u00e9m de ter um t\u00edtulo mundial, alcan\u00e7ado em 2014.<\/p>\n<h2>Outros resultados:<\/h2>\n<p>Real Bras\u00edlia 3 x 1 Cresspom<br \/>\nFlamengo 2 x 1 Bragantino<\/p>\n<p><span style=\"font-weight: 400;\">Fonte: Ag\u00eancia Brasil <\/span><\/p>\n","protected":false},"excerpt":{"rendered":"<p>O Palmeiras goleou o Ava\u00ed\/Kindermann por 6 a 1, nesta quarta-feira (3) no Allianz Parque, e manteve a lideran\u00e7a da S\u00e9rie A1 (primeira divis\u00e3o) do Campeonato Brasileiro de Futebol Feminino. Com o resultado, v\u00e1lido pela 14\u00aa rodada da primeira fase da competi\u00e7\u00e3o, o Verd\u00e3o chegou aos 34 pontos. A vit\u00f3ria do Palmeiras foi constru\u00edda com [&hellip;]<\/p>\n","protected":false},"author":246,"featured_media":202550,"comment_status":"closed","ping_status":"closed","sticky":false,"template":"","format":"standard","meta":{"footnotes":""},"categories":[436,257,439],"tags":[],"class_list":["post-202549","post","type-post","status-publish","format-standard","has-post-thumbnail","hentry","category-destaque-da-semana","category-esporte","category-ultima-hora"],"_links":{"self":[{"href":"https:\/\/diarioregionaldigital.com.br\/index.php?rest_route=\/wp\/v2\/posts\/202549","targetHints":{"allow":["GET"]}}],"collection":[{"href":"https:\/\/diarioregionaldigital.com.br\/index.php?rest_route=\/wp\/v2\/posts"}],"about":[{"href":"https:\/\/diarioregionaldigital.com.br\/index.php?rest_route=\/wp\/v2\/types\/post"}],"author":[{"embeddable":true,"href":"https:\/\/diarioregionaldigital.com.br\/index.php?rest_route=\/wp\/v2\/users\/246"}],"replies":[{"embeddable":true,"href":"https:\/\/diarioregionaldigital.com.br\/index.php?rest_route=%2Fwp%2Fv2%2Fcomments&post=202549"}],"version-history":[{"count":1,"href":"https:\/\/diarioregionaldigital.com.br\/index.php?rest_route=\/wp\/v2\/posts\/202549\/revisions"}],"predecessor-version":[{"id":202551,"href":"https:\/\/diarioregionaldigital.com.br\/index.php?rest_route=\/wp\/v2\/posts\/202549\/revisions\/202551"}],"wp:featuredmedia":[{"embeddable":true,"href":"https:\/\/diarioregionaldigital.com.br\/index.php?rest_route=\/wp\/v2\/media\/202550"}],"wp:attachment":[{"href":"https:\/\/diarioregionaldigital.com.br\/index.php?rest_route=%2Fwp%2Fv2%2Fmedia&parent=202549"}],"wp:term":[{"taxonomy":"category","embeddable":true,"href":"https:\/\/diarioregionaldigital.com.br\/index.php?rest_route=%2Fwp%2Fv2%2Fcategories&post=202549"},{"taxonomy":"post_tag","embeddable":true,"href":"https:\/\/diarioregionaldigital.com.br\/index.php?rest_route=%2Fwp%2Fv2%2Ftags&post=202549"}],"curies":[{"name":"wp","href":"https:\/\/api.w.org\/{rel}","templated":true}]}}