{"id":202535,"date":"2022-08-03T20:47:02","date_gmt":"2022-08-03T23:47:02","guid":{"rendered":"https:\/\/diarioregionaldigital.com.br\/?p=202535"},"modified":"2022-08-03T20:47:02","modified_gmt":"2022-08-03T23:47:02","slug":"forcas-armadas-inspecionam-codigo-fonte-de-urna-eletronica-no-tse","status":"publish","type":"post","link":"https:\/\/diarioregionaldigital.com.br\/?p=202535","title":{"rendered":"For\u00e7as Armadas inspecionam c\u00f3digo-fonte de urna eletr\u00f4nica no TSE"},"content":{"rendered":"<p>T\u00e9cnicos das For\u00e7as Armadas foram hoje (3) ao Tribunal Superior Eleitoral (TSE), em Bras\u00edlia, para inspecionar os c\u00f3digos-fonte da urna eletr\u00f4nica e dos sistemas eletr\u00f4nicos de vota\u00e7\u00e3o, informou a assessoria da Corte.\u00a0<img decoding=\"async\" src=\"https:\/\/agenciabrasil.ebc.com.br\/ebc.png?id=1474260&amp;o=node\" \/><img decoding=\"async\" src=\"https:\/\/agenciabrasil.ebc.com.br\/ebc.gif?id=1474260&amp;o=node\" \/><\/p>\n<p>Pelo cronograma de trabalho, pela manh\u00e3 foram feitas reuni\u00f5es explicativas com t\u00e9cnicos da Justi\u00e7a Eleitoral, e, hoje \u00e0 tarde, os c\u00f3digos-fonte come\u00e7am a ser inspecionados numa sala instalada pelo TSE em sua sede especificamente para este fim.<\/p>\n<p>C\u00f3digo-fonte \u00e9 um conjunto de comandos e instru\u00e7\u00f5es, escritos em linguagem para computadores, que integram um programa capaz de acionar o funcionamento de equipamentos eletr\u00f4nicos.<\/p>\n<p>A inspe\u00e7\u00e3o dos c\u00f3digos-fonte das elei\u00e7\u00f5es por integrantes das For\u00e7as Armadas ocorre ap\u00f3s o ministro da Defesa, Paulo S\u00e9rgio Nogueira, ter enviado na segunda-feira (1\u00ba) um of\u00edcio ao TSE pedindo acesso \u201curgent\u00edssimo\u201d aos dados.<\/p>\n<p>Em resposta, o TSE informou que o\u00a0<a href=\"http:\/\/agenciabrasil.ebc.com.br\/justica\/noticia\/2021-10\/um-ano-antes-de-eleicao-tse-abre-codigo-fonte-de-urnas-eletronicas\" target=\"_blank\" rel=\"noopener\">acesso a todos os c\u00f3digos-fonte<\/a>\u00a0utilizados nas Elei\u00e7\u00f5es 2022 est\u00e3o dispon\u00edveis desde outubro do ano passado para as entidades fiscalizadoras do processo eleitoral, incluindo as For\u00e7as Armadas.<\/p>\n<p>A inspe\u00e7\u00e3o j\u00e1 foi realizada, por exemplo, pela Controladoria-Geral da Uni\u00e3o (CGU), Minist\u00e9rio P\u00fablico Federal (MPF) e Senado. A Pol\u00edcia Federal (PF) marcou para realizar o procedimento entre os dias 22 e 28 deste m\u00eas.<\/p>\n<h2>Partidos pol\u00edticos<\/h2>\n<p>Todos os partidos pol\u00edticos tamb\u00e9m podem inspecionar os c\u00f3digos. At\u00e9 o momento, se interessaram pelo procedimento as siglas PV, PL e PTB, embora somente esta \u00faltima tenha de fato conduzido uma inspe\u00e7\u00e3o, \u00a0informou o TSE.<\/p>\n<p>Desde as elei\u00e7\u00f5es municipais de 2020, o TSE vem ampliando o rol de entidades que podem ter\u00a0<a href=\"http:\/\/agenciabrasil.ebc.com.br\/politica\/noticia\/2019-12\/tse-aprova-normas-para-eleicao-municipal-de-2020\" target=\"_blank\" rel=\"noopener\">acesso livre aos c\u00f3digos-fonte\u00a0<\/a>do sistema eletr\u00f4nico de vota\u00e7\u00e3o, desenvolvidos por programadores da pr\u00f3pria Justi\u00e7a Eleitoral.<\/p>\n<p>Al\u00e9m de \u00f3rg\u00e3os oficiais, a lista inclui, entre outros, entidades como a Ordem dos Advogados do Brasil (OAB) e os departamentos de tecnologia de institui\u00e7\u00f5es acad\u00eamicas. A Universidade Federal do Rio Grande do Sul (UFRGS) realizou a inspe\u00e7\u00e3o em mar\u00e7o.<\/p>\n<p>Al\u00e9m disso, a Universidade Federal de Pernambuco (UFPE), a Universidade Estadual de Campinas (Unicamp) e a Pol\u00edcia Federal participam de um projeto-piloto que permite acesso remoto aos c\u00f3digos.<\/p>\n<p><span style=\"font-weight: 400;\">Fonte: Ag\u00eancia Brasil\u00a0<\/span><span style=\"font-weight: 400;\"><br \/>\n<\/span><\/p>\n","protected":false},"excerpt":{"rendered":"<p>T\u00e9cnicos das For\u00e7as Armadas foram hoje (3) ao Tribunal Superior Eleitoral (TSE), em Bras\u00edlia, para inspecionar os c\u00f3digos-fonte da urna eletr\u00f4nica e dos sistemas eletr\u00f4nicos de vota\u00e7\u00e3o, informou a assessoria da Corte.\u00a0 Pelo cronograma de trabalho, pela manh\u00e3 foram feitas reuni\u00f5es explicativas com t\u00e9cnicos da Justi\u00e7a Eleitoral, e, hoje \u00e0 tarde, os c\u00f3digos-fonte come\u00e7am a [&hellip;]<\/p>\n","protected":false},"author":246,"featured_media":202536,"comment_status":"closed","ping_status":"closed","sticky":false,"template":"","format":"standard","meta":{"footnotes":""},"categories":[436,254,439],"tags":[],"class_list":["post-202535","post","type-post","status-publish","format-standard","has-post-thumbnail","hentry","category-destaque-da-semana","category-politica","category-ultima-hora"],"_links":{"self":[{"href":"https:\/\/diarioregionaldigital.com.br\/index.php?rest_route=\/wp\/v2\/posts\/202535","targetHints":{"allow":["GET"]}}],"collection":[{"href":"https:\/\/diarioregionaldigital.com.br\/index.php?rest_route=\/wp\/v2\/posts"}],"about":[{"href":"https:\/\/diarioregionaldigital.com.br\/index.php?rest_route=\/wp\/v2\/types\/post"}],"author":[{"embeddable":true,"href":"https:\/\/diarioregionaldigital.com.br\/index.php?rest_route=\/wp\/v2\/users\/246"}],"replies":[{"embeddable":true,"href":"https:\/\/diarioregionaldigital.com.br\/index.php?rest_route=%2Fwp%2Fv2%2Fcomments&post=202535"}],"version-history":[{"count":1,"href":"https:\/\/diarioregionaldigital.com.br\/index.php?rest_route=\/wp\/v2\/posts\/202535\/revisions"}],"predecessor-version":[{"id":202537,"href":"https:\/\/diarioregionaldigital.com.br\/index.php?rest_route=\/wp\/v2\/posts\/202535\/revisions\/202537"}],"wp:featuredmedia":[{"embeddable":true,"href":"https:\/\/diarioregionaldigital.com.br\/index.php?rest_route=\/wp\/v2\/media\/202536"}],"wp:attachment":[{"href":"https:\/\/diarioregionaldigital.com.br\/index.php?rest_route=%2Fwp%2Fv2%2Fmedia&parent=202535"}],"wp:term":[{"taxonomy":"category","embeddable":true,"href":"https:\/\/diarioregionaldigital.com.br\/index.php?rest_route=%2Fwp%2Fv2%2Fcategories&post=202535"},{"taxonomy":"post_tag","embeddable":true,"href":"https:\/\/diarioregionaldigital.com.br\/index.php?rest_route=%2Fwp%2Fv2%2Ftags&post=202535"}],"curies":[{"name":"wp","href":"https:\/\/api.w.org\/{rel}","templated":true}]}}