{"id":202532,"date":"2022-08-03T20:44:14","date_gmt":"2022-08-03T23:44:14","guid":{"rendered":"https:\/\/diarioregionaldigital.com.br\/?p=202532"},"modified":"2022-08-03T20:44:14","modified_gmt":"2022-08-03T23:44:14","slug":"camara-aprova-mp-que-muda-modelo-de-analise-de-beneficio-do-inss","status":"publish","type":"post","link":"https:\/\/diarioregionaldigital.com.br\/?p=202532","title":{"rendered":"C\u00e2mara aprova MP que muda modelo de an\u00e1lise de benef\u00edcio do INSS"},"content":{"rendered":"<p>A C\u00e2mara dos Deputados aprovou nesta ter\u00e7a-feira (2) uma medida provis\u00f3ria (MP) que muda o modelo de an\u00e1lise de pedidos de benef\u00edcios ao Instituto Nacional do Seguro Social (INSS). De acordo com o texto, fica dispensada a passagem por exame da per\u00edcia m\u00e9dica federal para requerimentos de aux\u00edlio por incapacidade tempor\u00e1ria (antigo aux\u00edlio-doen\u00e7a). O texto segue para an\u00e1lise do Senado.<img decoding=\"async\" src=\"https:\/\/agenciabrasil.ebc.com.br\/ebc.png?id=1474166&amp;o=node\" \/><img decoding=\"async\" src=\"https:\/\/agenciabrasil.ebc.com.br\/ebc.gif?id=1474166&amp;o=node\" \/><\/p>\n<p>De acordo com o texto aprovado pelos deputados, um ato do Minist\u00e9rio do Trabalho e Previd\u00eancia definir\u00e1 as condi\u00e7\u00f5es para a dispensa do exame, quando a concess\u00e3o ou n\u00e3o do aux\u00edlio por incapacidade tempor\u00e1ria estar\u00e1 sujeita apenas \u00e0 an\u00e1lise documental, inclu\u00eddos atestados e laudos m\u00e9dicos. Esse modelo foi utilizado nos anos de 2020 e 2021 devido \u00e0s restri\u00e7\u00f5es causadas pela pandemia de covid-19.<\/p>\n<p>O relator do texto aprovado, deputado Silas C\u00e2mara (Republicanos-AM) introduziu algumas mudan\u00e7as \u00e0 MP, como a permiss\u00e3o de per\u00edcia m\u00e9dica de forma remota, a facilita\u00e7\u00e3o de cadastro de segurados especiais referente a pescadores artesanais e a permiss\u00e3o ao INSS para celebrar parcerias para realizar avalia\u00e7\u00f5es sociais.<\/p>\n<p>Segundo o governo federal, o objetivo da MP \u00e9 reduzir o prazo de espera do agendamento do Servi\u00e7o de Per\u00edcia M\u00e9dica Federal, que atualmente leva em m\u00e9dia 60 dias e conta com 738 mil pedidos pendentes.<\/p>\n<p><span style=\"font-weight: 400;\">Fonte: Ag\u00eancia C\u00e2mara de Not\u00edcias<\/span><\/p>\n","protected":false},"excerpt":{"rendered":"<p>A C\u00e2mara dos Deputados aprovou nesta ter\u00e7a-feira (2) uma medida provis\u00f3ria (MP) que muda o modelo de an\u00e1lise de pedidos de benef\u00edcios ao Instituto Nacional do Seguro Social (INSS). De acordo com o texto, fica dispensada a passagem por exame da per\u00edcia m\u00e9dica federal para requerimentos de aux\u00edlio por incapacidade tempor\u00e1ria (antigo aux\u00edlio-doen\u00e7a). O texto [&hellip;]<\/p>\n","protected":false},"author":246,"featured_media":202533,"comment_status":"closed","ping_status":"closed","sticky":false,"template":"","format":"standard","meta":{"footnotes":""},"categories":[436,254,439],"tags":[],"class_list":["post-202532","post","type-post","status-publish","format-standard","has-post-thumbnail","hentry","category-destaque-da-semana","category-politica","category-ultima-hora"],"_links":{"self":[{"href":"https:\/\/diarioregionaldigital.com.br\/index.php?rest_route=\/wp\/v2\/posts\/202532","targetHints":{"allow":["GET"]}}],"collection":[{"href":"https:\/\/diarioregionaldigital.com.br\/index.php?rest_route=\/wp\/v2\/posts"}],"about":[{"href":"https:\/\/diarioregionaldigital.com.br\/index.php?rest_route=\/wp\/v2\/types\/post"}],"author":[{"embeddable":true,"href":"https:\/\/diarioregionaldigital.com.br\/index.php?rest_route=\/wp\/v2\/users\/246"}],"replies":[{"embeddable":true,"href":"https:\/\/diarioregionaldigital.com.br\/index.php?rest_route=%2Fwp%2Fv2%2Fcomments&post=202532"}],"version-history":[{"count":1,"href":"https:\/\/diarioregionaldigital.com.br\/index.php?rest_route=\/wp\/v2\/posts\/202532\/revisions"}],"predecessor-version":[{"id":202534,"href":"https:\/\/diarioregionaldigital.com.br\/index.php?rest_route=\/wp\/v2\/posts\/202532\/revisions\/202534"}],"wp:featuredmedia":[{"embeddable":true,"href":"https:\/\/diarioregionaldigital.com.br\/index.php?rest_route=\/wp\/v2\/media\/202533"}],"wp:attachment":[{"href":"https:\/\/diarioregionaldigital.com.br\/index.php?rest_route=%2Fwp%2Fv2%2Fmedia&parent=202532"}],"wp:term":[{"taxonomy":"category","embeddable":true,"href":"https:\/\/diarioregionaldigital.com.br\/index.php?rest_route=%2Fwp%2Fv2%2Fcategories&post=202532"},{"taxonomy":"post_tag","embeddable":true,"href":"https:\/\/diarioregionaldigital.com.br\/index.php?rest_route=%2Fwp%2Fv2%2Ftags&post=202532"}],"curies":[{"name":"wp","href":"https:\/\/api.w.org\/{rel}","templated":true}]}}