{"id":202529,"date":"2022-08-03T20:40:23","date_gmt":"2022-08-03T23:40:23","guid":{"rendered":"https:\/\/diarioregionaldigital.com.br\/?p=202529"},"modified":"2022-08-03T20:40:23","modified_gmt":"2022-08-03T23:40:23","slug":"camara-aprova-mp-que-flexibiliza-regras-em-estado-de-calamidade","status":"publish","type":"post","link":"https:\/\/diarioregionaldigital.com.br\/?p=202529","title":{"rendered":"C\u00e2mara aprova MP que flexibiliza regras em estado de calamidade"},"content":{"rendered":"<p>O plen\u00e1rio da C\u00e2mara dos Deputados aprovou nesta ter\u00e7a-feira (2) a medida provis\u00f3ria que flexibiliza regras trabalhistas alternativas durante estado de calamidade p\u00fablica. A mat\u00e9ria segue para o Senado.<img decoding=\"async\" src=\"https:\/\/agenciabrasil.ebc.com.br\/ebc.png?id=1474160&amp;o=node\" \/><img decoding=\"async\" src=\"https:\/\/agenciabrasil.ebc.com.br\/ebc.gif?id=1474160&amp;o=node\" \/><\/p>\n<p>Entre as medidas est\u00e1 a possibilidade de empresas cortarem ou suspenderem temporariamente jornadas e sal\u00e1rios dos trabalhadores. O texto da MP prev\u00ea que haja o reconhecimento do governo federal para o estado de calamidade, que pode ser decretado em \u00e2mbito nacional, estadual ou municipal. Para n\u00e3o perder a validade, a MP precisa ser votada at\u00e9 o dia 7 de agosto pelos senadores.<\/p>\n<p>A proposta inclui teletrabalho; a antecipa\u00e7\u00e3o de f\u00e9rias individuais; a concess\u00e3o de f\u00e9rias coletivas; o aproveitamento e a antecipa\u00e7\u00e3o de feriados; o banco de horas; e a suspens\u00e3o da exigibilidade dos recolhimentos do Fundo de Garantia do Tempo de Servi\u00e7o (FGTS). Segundo o governo, o objetivo da MP \u00e9 preservar o emprego e a renda, garantindo a continuidade das atividades e reduzindo o impacto social decorrente do estado de calamidade p\u00fablica.<\/p>\n<p>A MP tamb\u00e9m retoma, com algumas mudan\u00e7as, regras do Programa Emergencial de Manuten\u00e7\u00e3o do Emprego e da Renda, adotado durante a crise causada pela pandemia de covid-19. O programa passa a ser permanente, podendo ser institu\u00eddo para combater consequ\u00eancias de estado de calamidade p\u00fablica.<\/p>\n<p>\u201cN\u00e3o se deve desprezar a experi\u00eancia exitosa das medidas de enfrentamento ao covid-19 que foram fundamentais para a preserva\u00e7\u00e3o de empregos e renda, agora para o caso de calamidade p\u00fablica\u201d, argumentou o relator, deputado Sanderson (PL-RS). \u201cPrecisamos, nesse sentido, contar com uma pol\u00edtica p\u00fablica permanente. Assim, \u00e9 importante dotar o Estado brasileiro de mais agilidade para o enfrentamento de calamidades p\u00fablicas.<\/p>\n<p>Em rela\u00e7\u00e3o aos recolhimentos do FGTS, a medida provis\u00f3ria d\u00e1 poderes ao Minist\u00e9rio do Trabalho para suspender a exigibilidade por at\u00e9 quatro meses nos estabelecimentos situados em munic\u00edpios com estado de calamidade p\u00fablica reconhecido pelo governo federal.<\/p>\n<p>A medida alcan\u00e7a todas as empresas, independentemente do setor em que atuam, do regime tribut\u00e1rio ou de ades\u00e3o. Os dep\u00f3sitos ao fundo ser\u00e3o retomados ap\u00f3s o fim da medida alternativa, em seis parcelas, sem incid\u00eancia de juros, multas ou outros encargos.<\/p>\n<p>A proposta inclui trabalhadores rurais, dom\u00e9sticos e tempor\u00e1rios urbanos, al\u00e9m de aprendizes e estagi\u00e1rios. Segundo texto, o Minist\u00e9rio do Trabalho e Previd\u00eancia estabelecer\u00e1 o prazo de ado\u00e7\u00e3o das medidas alternativas, que poder\u00e1 ser de at\u00e9 90 dias, prorrog\u00e1vel enquanto durar o estado de calamidade p\u00fablica decretado.<\/p>\n<h2>Trabalho remoto<\/h2>\n<p>O texto estabelece ainda que o empregador poder\u00e1, a seu crit\u00e9rio, alterar o regime de trabalho presencial para teletrabalho ou trabalho remoto, al\u00e9m de determinar o retorno ao regime de trabalho presencial, independentemente da exist\u00eancia de acordos individuais ou coletivos. A proposta determina tamb\u00e9m que o empregador forne\u00e7a equipamentos para funcion\u00e1rios, al\u00e9m de permitir o reembolso aos trabalhadores por eventuais gastos com internet e equipamentos.<\/p>\n<p><span style=\"font-weight: 400;\"><br \/>\n<\/span><span style=\"font-weight: 400;\">Fonte: Ag\u00eancia C\u00e2mara<\/span><\/p>\n","protected":false},"excerpt":{"rendered":"<p>O plen\u00e1rio da C\u00e2mara dos Deputados aprovou nesta ter\u00e7a-feira (2) a medida provis\u00f3ria que flexibiliza regras trabalhistas alternativas durante estado de calamidade p\u00fablica. A mat\u00e9ria segue para o Senado. Entre as medidas est\u00e1 a possibilidade de empresas cortarem ou suspenderem temporariamente jornadas e sal\u00e1rios dos trabalhadores. O texto da MP prev\u00ea que haja o reconhecimento [&hellip;]<\/p>\n","protected":false},"author":246,"featured_media":202530,"comment_status":"closed","ping_status":"closed","sticky":false,"template":"","format":"standard","meta":{"footnotes":""},"categories":[436,440,254,439],"tags":[],"class_list":["post-202529","post","type-post","status-publish","format-standard","has-post-thumbnail","hentry","category-destaque-da-semana","category-destaques-do-dia","category-politica","category-ultima-hora"],"_links":{"self":[{"href":"https:\/\/diarioregionaldigital.com.br\/index.php?rest_route=\/wp\/v2\/posts\/202529","targetHints":{"allow":["GET"]}}],"collection":[{"href":"https:\/\/diarioregionaldigital.com.br\/index.php?rest_route=\/wp\/v2\/posts"}],"about":[{"href":"https:\/\/diarioregionaldigital.com.br\/index.php?rest_route=\/wp\/v2\/types\/post"}],"author":[{"embeddable":true,"href":"https:\/\/diarioregionaldigital.com.br\/index.php?rest_route=\/wp\/v2\/users\/246"}],"replies":[{"embeddable":true,"href":"https:\/\/diarioregionaldigital.com.br\/index.php?rest_route=%2Fwp%2Fv2%2Fcomments&post=202529"}],"version-history":[{"count":1,"href":"https:\/\/diarioregionaldigital.com.br\/index.php?rest_route=\/wp\/v2\/posts\/202529\/revisions"}],"predecessor-version":[{"id":202531,"href":"https:\/\/diarioregionaldigital.com.br\/index.php?rest_route=\/wp\/v2\/posts\/202529\/revisions\/202531"}],"wp:featuredmedia":[{"embeddable":true,"href":"https:\/\/diarioregionaldigital.com.br\/index.php?rest_route=\/wp\/v2\/media\/202530"}],"wp:attachment":[{"href":"https:\/\/diarioregionaldigital.com.br\/index.php?rest_route=%2Fwp%2Fv2%2Fmedia&parent=202529"}],"wp:term":[{"taxonomy":"category","embeddable":true,"href":"https:\/\/diarioregionaldigital.com.br\/index.php?rest_route=%2Fwp%2Fv2%2Fcategories&post=202529"},{"taxonomy":"post_tag","embeddable":true,"href":"https:\/\/diarioregionaldigital.com.br\/index.php?rest_route=%2Fwp%2Fv2%2Ftags&post=202529"}],"curies":[{"name":"wp","href":"https:\/\/api.w.org\/{rel}","templated":true}]}}