{"id":202526,"date":"2022-08-03T20:28:12","date_gmt":"2022-08-03T23:28:12","guid":{"rendered":"https:\/\/diarioregionaldigital.com.br\/?p=202526"},"modified":"2022-08-03T20:28:12","modified_gmt":"2022-08-03T23:28:12","slug":"beneficio-para-caminhoneiros-comeca-a-ser-pago-em-9-de-agosto","status":"publish","type":"post","link":"https:\/\/diarioregionaldigital.com.br\/?p=202526","title":{"rendered":"Benef\u00edcio para caminhoneiros come\u00e7a a ser pago em 9 de agosto"},"content":{"rendered":"<p>A partir da pr\u00f3xima ter\u00e7a-feira (9) come\u00e7am a ser pagos os benef\u00edcios emergenciais concedidos a caminhoneiros. A\u00a0<a href=\"https:\/\/www.in.gov.br\/en\/web\/dou\/-\/portaria-interministerial-mtp\/infra-n-6-de-1-de-agosto-de-2022-419638319\" target=\"_blank\" rel=\"noopener\">portaria interministerial<\/a>\u00a0que regulamenta a medida voltada a \u201ctransportadores aut\u00f4nomos de carga\u201d foi publicada em edi\u00e7\u00e3o especial do\u00a0<em>Di\u00e1rio Oficial da Uni\u00e3o<\/em>\u00a0na noite desta ter\u00e7a-feira (2).<img decoding=\"async\" src=\"https:\/\/agenciabrasil.ebc.com.br\/ebc.png?id=1474194&amp;o=node\" \/><img decoding=\"async\" src=\"https:\/\/agenciabrasil.ebc.com.br\/ebc.gif?id=1474194&amp;o=node\" \/><\/p>\n<p>O prazo para pagamento do benef\u00edcio vai at\u00e9 31 de dezembro de 2022, e ser\u00e1 pago em seis parcelas mensais no valor de R$ 1 mil, \u201cobservado o limite global de recursos de R$ 5,4 bilh\u00f5es\u201d, conforme informa o Minist\u00e9rio do Trabalho e Previd\u00eancia (MTP), que \u00e9 o \u00f3rg\u00e3o gestor do benef\u00edcio.<\/p>\n<p>O aux\u00edlio tem por objetivo ajudar os transportadores aut\u00f4nomos de carga a enfrentar o estado de emerg\u00eancia que decorre da alta do pre\u00e7o de combust\u00edveis e derivados.<\/p>\n<p>Segundo o MTP, t\u00eam direito a receber o Benef\u00edcio Caminhoneiro-TAC os transportadores de carga aut\u00f4nomos com CPF v\u00e1lido e cadastrado no Registro Nacional de Transportadores Rodovi\u00e1rios de Cargas (RNTR-C) at\u00e9 31 de maio de 2022, na situa\u00e7\u00e3o de Ativo\u201d, entre outras exig\u00eancias.<\/p>\n<p>No dia 9 de agosto ser\u00e3o pagas a primeira e a segunda parcelas, referentes aos meses de julho e agosto. \u201cPara os pr\u00f3ximos lotes de pagamento, o Minist\u00e9rio de Infraestrutura, por meio da ANTT, encaminhar\u00e1 mensalmente ao MTP a rela\u00e7\u00e3o dos transportadores aut\u00f4nomos de cargas que estiverem na situa\u00e7\u00e3o ativo no RNTR-C\u201d, acrescenta o minist\u00e9rio.<\/p>\n<p>O terceiro lote dever\u00e1 estar dispon\u00edvel em 24 de setembro; e as demais parcelas, nos dias 22 de outubro, 26 de novembro e 17 de dezembro.<\/p>\n<p>Aqueles que estiverem com situa\u00e7\u00e3o cadastral pendente ou suspensa podem regularizar o registro na ANTT para se habilitarem.<\/p>\n<p>O Minist\u00e9rio do Trabalho ressalta que o benef\u00edcio n\u00e3o \u00e9 cumulativo com o Benef\u00edcio Taxista e ser\u00e1 pago apenas um por CPF, independentemente se o benefici\u00e1rio tiver mais de um ve\u00edculo cadastrado.<\/p>\n<p>\u201cSer\u00e1 designada uma institui\u00e7\u00e3o banc\u00e1ria federal registrada para efetivar o pagamento que ser\u00e1 feito em conta digital. Os valores n\u00e3o movimentados no prazo de 90 dias, contados da data de dep\u00f3sito, retornar\u00e3o para a Uni\u00e3o\u201d, acrescenta.<\/p>\n<p><span style=\"font-weight: 400;\">Fonte: Ag\u00eancia Brasil <\/span><\/p>\n","protected":false},"excerpt":{"rendered":"<p>A partir da pr\u00f3xima ter\u00e7a-feira (9) come\u00e7am a ser pagos os benef\u00edcios emergenciais concedidos a caminhoneiros. A\u00a0portaria interministerial\u00a0que regulamenta a medida voltada a \u201ctransportadores aut\u00f4nomos de carga\u201d foi publicada em edi\u00e7\u00e3o especial do\u00a0Di\u00e1rio Oficial da Uni\u00e3o\u00a0na noite desta ter\u00e7a-feira (2). O prazo para pagamento do benef\u00edcio vai at\u00e9 31 de dezembro de 2022, e ser\u00e1 [&hellip;]<\/p>\n","protected":false},"author":246,"featured_media":202527,"comment_status":"closed","ping_status":"closed","sticky":false,"template":"","format":"standard","meta":{"footnotes":""},"categories":[436,261,439],"tags":[],"class_list":["post-202526","post","type-post","status-publish","format-standard","has-post-thumbnail","hentry","category-destaque-da-semana","category-economia","category-ultima-hora"],"_links":{"self":[{"href":"https:\/\/diarioregionaldigital.com.br\/index.php?rest_route=\/wp\/v2\/posts\/202526","targetHints":{"allow":["GET"]}}],"collection":[{"href":"https:\/\/diarioregionaldigital.com.br\/index.php?rest_route=\/wp\/v2\/posts"}],"about":[{"href":"https:\/\/diarioregionaldigital.com.br\/index.php?rest_route=\/wp\/v2\/types\/post"}],"author":[{"embeddable":true,"href":"https:\/\/diarioregionaldigital.com.br\/index.php?rest_route=\/wp\/v2\/users\/246"}],"replies":[{"embeddable":true,"href":"https:\/\/diarioregionaldigital.com.br\/index.php?rest_route=%2Fwp%2Fv2%2Fcomments&post=202526"}],"version-history":[{"count":1,"href":"https:\/\/diarioregionaldigital.com.br\/index.php?rest_route=\/wp\/v2\/posts\/202526\/revisions"}],"predecessor-version":[{"id":202528,"href":"https:\/\/diarioregionaldigital.com.br\/index.php?rest_route=\/wp\/v2\/posts\/202526\/revisions\/202528"}],"wp:featuredmedia":[{"embeddable":true,"href":"https:\/\/diarioregionaldigital.com.br\/index.php?rest_route=\/wp\/v2\/media\/202527"}],"wp:attachment":[{"href":"https:\/\/diarioregionaldigital.com.br\/index.php?rest_route=%2Fwp%2Fv2%2Fmedia&parent=202526"}],"wp:term":[{"taxonomy":"category","embeddable":true,"href":"https:\/\/diarioregionaldigital.com.br\/index.php?rest_route=%2Fwp%2Fv2%2Fcategories&post=202526"},{"taxonomy":"post_tag","embeddable":true,"href":"https:\/\/diarioregionaldigital.com.br\/index.php?rest_route=%2Fwp%2Fv2%2Ftags&post=202526"}],"curies":[{"name":"wp","href":"https:\/\/api.w.org\/{rel}","templated":true}]}}