{"id":202522,"date":"2022-08-03T20:26:55","date_gmt":"2022-08-03T23:26:55","guid":{"rendered":"https:\/\/diarioregionaldigital.com.br\/?p=202522"},"modified":"2022-08-03T20:26:55","modified_gmt":"2022-08-03T23:26:55","slug":"dolar-fecha-estavel-a-r-527-em-dia-de-decisao-do-copom","status":"publish","type":"post","link":"https:\/\/diarioregionaldigital.com.br\/?p=202522","title":{"rendered":"D\u00f3lar fecha est\u00e1vel a R$ 5,27, em dia de decis\u00e3o do Copom"},"content":{"rendered":"<p>Em um dia de decis\u00e3o sobre os juros b\u00e1sicos no Brasil e de poucas mudan\u00e7as no cen\u00e1rio internacional, o d\u00f3lar fechou est\u00e1vel, ap\u00f3s alternar altas e baixas ao longo do dia. A bolsa de valores recuperou-se pelo segundo dia consecutivo, beneficiada por a\u00e7\u00f5es locais.<\/p>\n<p>O d\u00f3lar comercial encerrou esta quarta-feira (3) vendido a R$ 5,278, com recuo de apenas 0,02%. A cota\u00e7\u00e3o iniciou o dia tensa, chegando a subir para R$ 5,31 por volta das 11h30, passou a cair durante a tarde, mas ganhou for\u00e7a perto do fim das negocia\u00e7\u00f5es, fechando est\u00e1vel.<\/p>\n<p>O mercado de a\u00e7\u00f5es teve um dia mais tranquilo. O \u00edndice Ibovespa, da B3, fechou aos 103.775 pontos, com alta de 0,4%. A\u00e7\u00f5es ligadas a mineradoras e sider\u00fargicas, que tinham subido ontem (2), ca\u00edram, mas pap\u00e9is de empresas ligadas ao consumo, como varejistas, valorizaram-se hoje, com a expectativa de que o Banco Central (BC) esteja perto de encerrar o ciclo de altas dos juros b\u00e1sicos.<\/p>\n<p>Na reuni\u00e3o de hoje, o Comit\u00ea de Pol\u00edtica Monet\u00e1ria (Copom) do BC\u00a0<a href=\"https:\/\/agenciabrasil.ebc.com.br\/economia\/noticia\/2022-08\/copom-eleva-juros-basicos-da-economia-para-1375-ao-ano\" target=\"_blank\" rel=\"noopener\">elevou a taxa Selic de 13,25% para 13,75% ao ano<\/a>. Apesar de n\u00e3o indicar o fim dos apertos, o comunicado do BC informou que a autoridade monet\u00e1ria dever\u00e1 reduzir o ritmo de aumento, elevando os juros em 0,25 ponto na pr\u00f3xima reuni\u00e3o, no fim de setembro.<\/p>\n<p>No cen\u00e1rio internacional, a continuidade das tens\u00f5es entre China e Taiwan continuou a provocar turbul\u00eancia nos mercados. No entanto, a declara\u00e7\u00e3o de uma diretora do Federal Reserve (Fed, Banco Central norte-americano) de que o \u00f3rg\u00e3o pode reduzir o ritmo de aumento dos juros nos Estados Unidos diminuiu a press\u00e3o sobre o d\u00f3lar.<\/p>\n<p>Nas duas \u00faltimas reuni\u00f5es, o Fed elevou os juros b\u00e1sicos em 0,75 ponto (em cada encontro). Segundo a presidente da unidade regional de S\u00e3o Francisco, Mary Daly, o Fed dever\u00e1 subir os juros em 0,5 ponto na pr\u00f3xima reuni\u00e3o. Juros mais altos em economias avan\u00e7adas estimulam a fuga de recursos de pa\u00edses emergentes, como o Brasil. Uma redu\u00e7\u00e3o na intensidade do aperto monet\u00e1rio diminuir\u00e1 as press\u00f5es no mercado internacional.<\/p>\n<p><span style=\"font-weight: 400;\">Fonte: Ag\u00eancia Brasil <\/span><\/p>\n","protected":false},"excerpt":{"rendered":"<p>Em um dia de decis\u00e3o sobre os juros b\u00e1sicos no Brasil e de poucas mudan\u00e7as no cen\u00e1rio internacional, o d\u00f3lar fechou est\u00e1vel, ap\u00f3s alternar altas e baixas ao longo do dia. A bolsa de valores recuperou-se pelo segundo dia consecutivo, beneficiada por a\u00e7\u00f5es locais. O d\u00f3lar comercial encerrou esta quarta-feira (3) vendido a R$ 5,278, [&hellip;]<\/p>\n","protected":false},"author":246,"featured_media":202523,"comment_status":"closed","ping_status":"closed","sticky":false,"template":"","format":"standard","meta":{"footnotes":""},"categories":[436,261,439],"tags":[],"class_list":["post-202522","post","type-post","status-publish","format-standard","has-post-thumbnail","hentry","category-destaque-da-semana","category-economia","category-ultima-hora"],"_links":{"self":[{"href":"https:\/\/diarioregionaldigital.com.br\/index.php?rest_route=\/wp\/v2\/posts\/202522","targetHints":{"allow":["GET"]}}],"collection":[{"href":"https:\/\/diarioregionaldigital.com.br\/index.php?rest_route=\/wp\/v2\/posts"}],"about":[{"href":"https:\/\/diarioregionaldigital.com.br\/index.php?rest_route=\/wp\/v2\/types\/post"}],"author":[{"embeddable":true,"href":"https:\/\/diarioregionaldigital.com.br\/index.php?rest_route=\/wp\/v2\/users\/246"}],"replies":[{"embeddable":true,"href":"https:\/\/diarioregionaldigital.com.br\/index.php?rest_route=%2Fwp%2Fv2%2Fcomments&post=202522"}],"version-history":[{"count":2,"href":"https:\/\/diarioregionaldigital.com.br\/index.php?rest_route=\/wp\/v2\/posts\/202522\/revisions"}],"predecessor-version":[{"id":202525,"href":"https:\/\/diarioregionaldigital.com.br\/index.php?rest_route=\/wp\/v2\/posts\/202522\/revisions\/202525"}],"wp:featuredmedia":[{"embeddable":true,"href":"https:\/\/diarioregionaldigital.com.br\/index.php?rest_route=\/wp\/v2\/media\/202523"}],"wp:attachment":[{"href":"https:\/\/diarioregionaldigital.com.br\/index.php?rest_route=%2Fwp%2Fv2%2Fmedia&parent=202522"}],"wp:term":[{"taxonomy":"category","embeddable":true,"href":"https:\/\/diarioregionaldigital.com.br\/index.php?rest_route=%2Fwp%2Fv2%2Fcategories&post=202522"},{"taxonomy":"post_tag","embeddable":true,"href":"https:\/\/diarioregionaldigital.com.br\/index.php?rest_route=%2Fwp%2Fv2%2Ftags&post=202522"}],"curies":[{"name":"wp","href":"https:\/\/api.w.org\/{rel}","templated":true}]}}