{"id":202518,"date":"2022-08-03T20:25:37","date_gmt":"2022-08-03T23:25:37","guid":{"rendered":"https:\/\/diarioregionaldigital.com.br\/?p=202518"},"modified":"2022-08-03T20:25:37","modified_gmt":"2022-08-03T23:25:37","slug":"copom-eleva-juros-basicos-da-economia-para-1375-ao-ano","status":"publish","type":"post","link":"https:\/\/diarioregionaldigital.com.br\/?p=202518","title":{"rendered":"Copom eleva juros b\u00e1sicos da economia para 13,75% ao ano"},"content":{"rendered":"<p>Em meio aos impactos da guerra na Ucr\u00e2nia e de uma poss\u00edvel recess\u00e3o nos Estados Unidos &#8211; com impactos\u00a0sobre a economia global -, o Banco Central (BC) continuou a apertar os cintos na pol\u00edtica monet\u00e1ria. Por unanimidade, o Comit\u00ea de Pol\u00edtica Monet\u00e1ria (Copom) elevou a taxa Selic, juros b\u00e1sicos da economia, de 13,25% para 13,75% ao ano. A decis\u00e3o era\u00a0<a href=\"https:\/\/agenciabrasil.ebc.com.br\/economia\/noticia\/2022-08\/mercado-financeiro-reduz-projecao-da-inflacao-de-730-para-715\" target=\"_blank\" rel=\"noopener\">esperada pelos analistas financeiros<\/a>.<img decoding=\"async\" src=\"https:\/\/agenciabrasil.ebc.com.br\/ebc.png?id=1474298&amp;o=node\" \/><img decoding=\"async\" src=\"https:\/\/agenciabrasil.ebc.com.br\/ebc.gif?id=1474298&amp;o=node\" \/><\/p>\n<p>A taxa est\u00e1 no maior n\u00edvel desde janeiro de 2017, quando tamb\u00e9m estava em 13,75% ao ano. Esse foi o 12\u00ba reajuste consecutivo na taxa Selic. O BC manteve o ritmo do aperto monet\u00e1rio. Assim como na \u00faltima reuni\u00e3o, a taxa foi elevada em 0,5 ponto.<\/p>\n<p>Em comunicado, o Copom informou que os riscos de que a infla\u00e7\u00e3o fique acima das expectativas em prazos mais longos fez que o BC optasse por n\u00e3o encerrar o ciclo de alta da Selic na reuni\u00e3o de hoje. O texto, no entanto, informou que o Copom dever\u00e1 reduzir o ritmo de altas, elevando a taxa em 0,25 ponto no pr\u00f3ximo encontro, no fim de setembro.<\/p>\n<p>\u201cO comit\u00ea avaliar\u00e1 a necessidade de um ajuste residual, de menor magnitude, em sua pr\u00f3xima reuni\u00e3o. Nota ainda que a incerteza da atual conjuntura, tanto dom\u00e9stica quanto global, aliada ao est\u00e1gio avan\u00e7ado do ciclo de ajuste e seus impactos acumulados ainda por serem observados, demanda cautela adicional em sua atua\u00e7\u00e3o\u201d, destacou o BC.<\/p>\n<p>De mar\u00e7o a junho do ano passado, o Copom tinha elevado a taxa em 0,75 ponto percentual em cada encontro. No in\u00edcio de agosto, o BC passou a aumentar a Selic em 1 ponto a cada reuni\u00e3o. Com a alta da infla\u00e7\u00e3o e o agravamento das tens\u00f5es no mercado financeiro, a Selic foi elevada em 1,5 ponto de dezembro do ano passado at\u00e9 maio deste ano.<\/p>\n<p>Com a decis\u00e3o de hoje (3), a Selic continua num ciclo de alta, depois de passar seis anos sem ser elevada. De julho de 2015 a outubro de 2016, a taxa permaneceu em 14,25% ao ano. Depois disso, o Copom voltou a reduzir os juros b\u00e1sicos da economia at\u00e9 que a taxa chegasse a 6,5% ao ano, em mar\u00e7o de 2018. A Selic voltou a ser reduzida em agosto de 2019 at\u00e9 alcan\u00e7ar 2% ao ano em agosto de 2020, influenciada pela contra\u00e7\u00e3o econ\u00f4mica gerada pela pandemia de covid-19. Esse era o menor n\u00edvel da s\u00e9rie hist\u00f3rica iniciada em 1986.<\/p>\n<h2>Infla\u00e7\u00e3o<\/h2>\n<p>A Selic \u00e9 o principal instrumento do Banco Central para manter sob controle a infla\u00e7\u00e3o oficial, medida pelo \u00cdndice Nacional de Pre\u00e7os ao Consumidor Amplo (IPCA). Em junho, o\u00a0<a href=\"https:\/\/agenciabrasil.ebc.com.br\/economia\/noticia\/2022-07\/inflacao-oficial-sobe-para-067-em-junho-diz-ibge\" target=\"_blank\" rel=\"noopener\">indicador fechou em 11,89% no acumulado de 12 meses, no maior n\u00edvel para o m\u00eas desde 2015<\/a>. No entanto, a pr\u00e9via da infla\u00e7\u00e3o de agosto come\u00e7a a\u00a0<a href=\"https:\/\/agenciabrasil.ebc.com.br\/economia\/noticia\/2021-07\/previa-da-inflacao-oficial-fica-em-072-em-julho-diz-ibge\" target=\"_blank\" rel=\"noopener\">mostrar desacelera\u00e7\u00e3o<\/a>\u00a0por causa da queda do pre\u00e7o da energia e da gasolina.<\/p>\n<p>O valor est\u00e1 bastante acima do teto da meta de infla\u00e7\u00e3o. Para 2022, o Conselho Monet\u00e1rio Nacional (CMN) fixou meta de infla\u00e7\u00e3o de\u00a03,5%, com margem de toler\u00e2ncia de 1,5 ponto percentual. O IPCA, portanto, n\u00e3o podia superar 5% neste ano nem ficar abaixo de 2%.<\/p>\n<p>No\u00a0<em>Relat\u00f3rio de Infla\u00e7\u00e3o<\/em>\u00a0divulgado no fim de junho pelo Banco Central, a autoridade monet\u00e1ria estimava que o IPCA fecharia 2022\u00a0<a href=\"https:\/\/agenciabrasil.ebc.com.br\/economia\/noticia\/2022-06\/bc-admite-oficialmente-estouro-da-meta-de-inflacao-em-2022\" target=\"_blank\" rel=\"noopener\">em 8,8% no cen\u00e1rio base<\/a>. A proje\u00e7\u00e3o, no entanto, est\u00e1 desatualizada e dever\u00e1 ser revista para baixo por causa das desonera\u00e7\u00f5es tribut\u00e1rias sobre a gasolina e o g\u00e1s de cozinha. A nova vers\u00e3o do relat\u00f3rio ser\u00e1 divulgada no fim de setembro.<\/p>\n<p>As previs\u00f5es do mercado est\u00e3o mais otimistas. De acordo com o boletim\u00a0<em>Focus<\/em>, pesquisa semanal com institui\u00e7\u00f5es financeiras divulgada pelo BC, a infla\u00e7\u00e3o oficial dever\u00e1 fechar o\u00a0<a href=\"https:\/\/agenciabrasil.ebc.com.br\/economia\/noticia\/2022-08\/mercado-financeiro-reduz-projecao-da-inflacao-de-730-para-715\" target=\"_blank\" rel=\"noopener\">ano em 7,15%<\/a>. No in\u00edcio de junho, as estimativas do mercado chegavam a 9%.<\/p>\n<h2>Cr\u00e9dito mais caro<\/h2>\n<p>A eleva\u00e7\u00e3o da taxa Selic ajuda a controlar a infla\u00e7\u00e3o. Isso porque juros maiores encarecem o cr\u00e9dito e desestimulam a produ\u00e7\u00e3o e o consumo. Por outro lado, taxas mais altas dificultam a recupera\u00e7\u00e3o da economia. No \u00faltimo\u00a0<em>Relat\u00f3rio de Infla\u00e7\u00e3o<\/em>, o Banco Central projetava\u00a0<a href=\"https:\/\/agenciabrasil.ebc.com.br\/economia\/noticia\/2022-06\/bc-admite-oficialmente-estouro-da-meta-de-inflacao-em-2022\" target=\"_blank\" rel=\"noopener\">crescimento de 1,7%<\/a>\u00a0para a economia em 2022.<\/p>\n<p>O mercado projeta crescimento um pouco maior. Segundo a \u00faltima edi\u00e7\u00e3o do boletim\u00a0<em>Focus<\/em>, os analistas econ\u00f4micos preveem\u00a0<a href=\"https:\/\/agenciabrasil.ebc.com.br\/economia\/noticia\/2022-08\/mercado-financeiro-reduz-projecao-da-inflacao-de-730-para-715\" target=\"_blank\" rel=\"noopener\">expans\u00e3o de 1,97%<\/a>\u00a0do Produto Interno Bruto (PIB, soma dos bens e servi\u00e7os produzidos pelo pa\u00eds) neste ano.<\/p>\n<p>A taxa b\u00e1sica de juros \u00e9 usada nas negocia\u00e7\u00f5es de t\u00edtulos p\u00fablicos no Sistema Especial de Liquida\u00e7\u00e3o e Cust\u00f3dia (Selic) e serve de refer\u00eancia para as demais taxas de juros da economia. Ao reajust\u00e1-la para cima, o Banco Central segura o excesso de demanda que pressiona os pre\u00e7os, porque juros mais altos encarecem o cr\u00e9dito e estimulam a poupan\u00e7a.<\/p>\n<p>Ao reduzir os juros b\u00e1sicos, o Copom barateia o cr\u00e9dito e incentiva a produ\u00e7\u00e3o e o consumo, mas enfraquece o controle da infla\u00e7\u00e3o. Para cortar a Selic, a autoridade monet\u00e1ria precisa estar segura de que os pre\u00e7os est\u00e3o sob controle e n\u00e3o correm risco de subir.<\/p>\n<div class=\"dnd-widget-wrapper context-cheio_8colunas type-image\">\n<div class=\"dnd-atom-rendered\">\n<div class=\"shadow overflow-hidden rounded-lg d-block zoom-on-hover-sm shadow-hover w-100\">\n<p><img decoding=\"async\" class=\"flex-fill img-cover\" title=\"ArteDJOR\" src=\"https:\/\/imagens.ebc.com.br\/ZQ0bxYTZPpeZFXLc88ba8qZoJqA=\/754x0\/smart\/https:\/\/agenciabrasil.ebc.com.br\/sites\/default\/files\/atoms\/image\/infografia_selic.png?itok=1WyCT-R3\" alt=\"infografia_selic\" \/><\/p>\n<p><span style=\"font-weight: 400;\"><br \/>\n<\/span><span style=\"font-weight: 400;\">Fonte: Ag\u00eancia Brasil <\/span><\/p>\n<\/div>\n<\/div>\n<\/div>\n","protected":false},"excerpt":{"rendered":"<p>Em meio aos impactos da guerra na Ucr\u00e2nia e de uma poss\u00edvel recess\u00e3o nos Estados Unidos &#8211; com impactos\u00a0sobre a economia global -, o Banco Central (BC) continuou a apertar os cintos na pol\u00edtica monet\u00e1ria. Por unanimidade, o Comit\u00ea de Pol\u00edtica Monet\u00e1ria (Copom) elevou a taxa Selic, juros b\u00e1sicos da economia, de 13,25% para 13,75% [&hellip;]<\/p>\n","protected":false},"author":246,"featured_media":202520,"comment_status":"closed","ping_status":"closed","sticky":false,"template":"","format":"standard","meta":{"footnotes":""},"categories":[436,261,439],"tags":[],"class_list":["post-202518","post","type-post","status-publish","format-standard","has-post-thumbnail","hentry","category-destaque-da-semana","category-economia","category-ultima-hora"],"_links":{"self":[{"href":"https:\/\/diarioregionaldigital.com.br\/index.php?rest_route=\/wp\/v2\/posts\/202518","targetHints":{"allow":["GET"]}}],"collection":[{"href":"https:\/\/diarioregionaldigital.com.br\/index.php?rest_route=\/wp\/v2\/posts"}],"about":[{"href":"https:\/\/diarioregionaldigital.com.br\/index.php?rest_route=\/wp\/v2\/types\/post"}],"author":[{"embeddable":true,"href":"https:\/\/diarioregionaldigital.com.br\/index.php?rest_route=\/wp\/v2\/users\/246"}],"replies":[{"embeddable":true,"href":"https:\/\/diarioregionaldigital.com.br\/index.php?rest_route=%2Fwp%2Fv2%2Fcomments&post=202518"}],"version-history":[{"count":1,"href":"https:\/\/diarioregionaldigital.com.br\/index.php?rest_route=\/wp\/v2\/posts\/202518\/revisions"}],"predecessor-version":[{"id":202521,"href":"https:\/\/diarioregionaldigital.com.br\/index.php?rest_route=\/wp\/v2\/posts\/202518\/revisions\/202521"}],"wp:featuredmedia":[{"embeddable":true,"href":"https:\/\/diarioregionaldigital.com.br\/index.php?rest_route=\/wp\/v2\/media\/202520"}],"wp:attachment":[{"href":"https:\/\/diarioregionaldigital.com.br\/index.php?rest_route=%2Fwp%2Fv2%2Fmedia&parent=202518"}],"wp:term":[{"taxonomy":"category","embeddable":true,"href":"https:\/\/diarioregionaldigital.com.br\/index.php?rest_route=%2Fwp%2Fv2%2Fcategories&post=202518"},{"taxonomy":"post_tag","embeddable":true,"href":"https:\/\/diarioregionaldigital.com.br\/index.php?rest_route=%2Fwp%2Fv2%2Ftags&post=202518"}],"curies":[{"name":"wp","href":"https:\/\/api.w.org\/{rel}","templated":true}]}}