{"id":202515,"date":"2022-08-03T20:21:55","date_gmt":"2022-08-03T23:21:55","guid":{"rendered":"https:\/\/diarioregionaldigital.com.br\/?p=202515"},"modified":"2022-08-03T20:21:55","modified_gmt":"2022-08-03T23:21:55","slug":"alta-da-selic-encarece-credito-e-prestacoes-diz-anefac-2","status":"publish","type":"post","link":"https:\/\/diarioregionaldigital.com.br\/?p=202515","title":{"rendered":"Alta da Selic encarece cr\u00e9dito e presta\u00e7\u00f5es, diz Anefac"},"content":{"rendered":"<p><a href=\"https:\/\/agenciabrasil.ebc.com.br\/economia\/noticia\/2022-08\/copom-eleva-juros-basicos-da-economia-para-1375-ao-ano\" target=\"_blank\" rel=\"noopener\">A eleva\u00e7\u00e3o da taxa Selic (juros b\u00e1sicos da economia), decidida hoje (3) pelo Banco Central<\/a>, continuar\u00e1 a encarecer o cr\u00e9dito e as presta\u00e7\u00f5es, segundo a Associa\u00e7\u00e3o Nacional dos Executivos de Finan\u00e7as, Administra\u00e7\u00e3o e Contabilidade (Anefac). Apesar de o impacto na ponta final ser dilu\u00eddo, por causa da diferen\u00e7a muito grande entre a taxa b\u00e1sica e os juros efetivos de prazo mais longo, o tomador de novos empr\u00e9stimos sentir\u00e1 os efeitos do aperto monet\u00e1rio.<img decoding=\"async\" src=\"https:\/\/agenciabrasil.ebc.com.br\/ebc.png?id=1474381&amp;o=node\" \/><img decoding=\"async\" src=\"https:\/\/agenciabrasil.ebc.com.br\/ebc.gif?id=1474381&amp;o=node\" \/><\/p>\n<p>Segundo a Anefac, o juro m\u00e9dio para as pessoas f\u00edsicas passar\u00e1 de 119,07% para 120,05% ao ano. Para as pessoas jur\u00eddicas, a taxa m\u00e9dia sair\u00e1 de 56,57% para 57,29% ao ano. A Selic passou de 13,25% para 13,75% ao ano.<\/p>\n<p>No financiamento de uma geladeira de R$ 1,5 mil em 12 presta\u00e7\u00f5es, o comprador desembolsar\u00e1 R$ 0,39 a mais por presta\u00e7\u00e3o e R$ 4,63 a mais no valor final com a nova taxa Selic. O cliente que entra no cheque especial em R$ 1 mil por 20 dias pagar\u00e1 R$ 0,27 a mais.<\/p>\n<p>Na utiliza\u00e7\u00e3o de R$ 3 mil do rotativo do cart\u00e3o de cr\u00e9dito por 30 dias, o cliente gastar\u00e1 R$ 1,20 a mais. Um empr\u00e9stimo pessoal de R$ 5 mil por 12 meses cobrar\u00e1 R$ 1,24 a mais por presta\u00e7\u00e3o e R$ 14,85 a mais ap\u00f3s o pagamento da \u00faltima parcela.<\/p>\n<p>Um empr\u00e9stimo de R$ 3 mil em 12 meses numa financeira sair\u00e1 R$ 0,81 mais caro por presta\u00e7\u00e3o e R$ 9,72 mais caro no total. No financiamento de um autom\u00f3vel de R$ 40 mil por 60 meses, o comprador pagar\u00e1 R$ 11,23 a mais por parcela e R$ 673,51 a mais no total da opera\u00e7\u00e3o.<\/p>\n<p>Em rela\u00e7\u00e3o \u00e0s pessoas jur\u00eddicas, as empresas pagar\u00e3o R$ 62,18 a mais por um empr\u00e9stimo de capital de giro de R$ 50 mil por 90 dias, R$ 24,93 pelo desconto de R$ 20 mil em duplicatas por 90 dias e R$ 2,67 a mais pela utiliza\u00e7\u00e3o de conta garantida no valor de R$ 10 mil por 20 dias.<\/p>\n<h2>Poupan\u00e7a<\/h2>\n<p>A Anefac tamb\u00e9m produziu uma simula\u00e7\u00e3o sobre o impacto da nova taxa Selic sobre os rendimentos da poupan\u00e7a. Com a taxa de 13,75% ao ano, a caderneta s\u00f3 rende mais que os fundos de investimento quando o prazo da aplica\u00e7\u00e3o \u00e9 curto e a taxa de administra\u00e7\u00e3o cobrada pelos fundos \u00e9 alta.<\/p>\n<p>Segundo as simula\u00e7\u00f5es, a poupan\u00e7a rende mais que os fundos em apenas um cen\u00e1rio, com aplica\u00e7\u00e3o de at\u00e9 um ano em rela\u00e7\u00e3o a fundos com taxa de 3% ao ano. Quando o fundo tem taxa de administra\u00e7\u00e3o de 2,5% ao ano, a poupan\u00e7a rende o mesmo somente quando o dinheiro ficar aplicado por at\u00e9 seis meses.<\/p>\n<p>A vantagem dos fundos ocorre mesmo com a cobran\u00e7a de Imposto de Renda e de taxa de administra\u00e7\u00e3o. Isso porque a poupan\u00e7a, apesar de ser isenta de tributos, rende apenas 6,17% ao ano (0,5% ao m\u00eas) mais a Taxa Referencial (TR), que aumenta quando a Selic sobe. Esse rendimento da poupan\u00e7a \u00e9 aplicado quando a Selic est\u00e1 acima de 8,5% ao ano, o que ocorre desde dezembro de 2021.<\/p>\n<p><span style=\"font-weight: 400;\">Fonte: Ag\u00eancia Brasil <\/span><\/p>\n","protected":false},"excerpt":{"rendered":"<p>A eleva\u00e7\u00e3o da taxa Selic (juros b\u00e1sicos da economia), decidida hoje (3) pelo Banco Central, continuar\u00e1 a encarecer o cr\u00e9dito e as presta\u00e7\u00f5es, segundo a Associa\u00e7\u00e3o Nacional dos Executivos de Finan\u00e7as, Administra\u00e7\u00e3o e Contabilidade (Anefac). Apesar de o impacto na ponta final ser dilu\u00eddo, por causa da diferen\u00e7a muito grande entre a taxa b\u00e1sica e [&hellip;]<\/p>\n","protected":false},"author":246,"featured_media":202516,"comment_status":"closed","ping_status":"closed","sticky":false,"template":"","format":"standard","meta":{"footnotes":""},"categories":[436,440,261,439],"tags":[],"class_list":["post-202515","post","type-post","status-publish","format-standard","has-post-thumbnail","hentry","category-destaque-da-semana","category-destaques-do-dia","category-economia","category-ultima-hora"],"_links":{"self":[{"href":"https:\/\/diarioregionaldigital.com.br\/index.php?rest_route=\/wp\/v2\/posts\/202515","targetHints":{"allow":["GET"]}}],"collection":[{"href":"https:\/\/diarioregionaldigital.com.br\/index.php?rest_route=\/wp\/v2\/posts"}],"about":[{"href":"https:\/\/diarioregionaldigital.com.br\/index.php?rest_route=\/wp\/v2\/types\/post"}],"author":[{"embeddable":true,"href":"https:\/\/diarioregionaldigital.com.br\/index.php?rest_route=\/wp\/v2\/users\/246"}],"replies":[{"embeddable":true,"href":"https:\/\/diarioregionaldigital.com.br\/index.php?rest_route=%2Fwp%2Fv2%2Fcomments&post=202515"}],"version-history":[{"count":2,"href":"https:\/\/diarioregionaldigital.com.br\/index.php?rest_route=\/wp\/v2\/posts\/202515\/revisions"}],"predecessor-version":[{"id":202519,"href":"https:\/\/diarioregionaldigital.com.br\/index.php?rest_route=\/wp\/v2\/posts\/202515\/revisions\/202519"}],"wp:featuredmedia":[{"embeddable":true,"href":"https:\/\/diarioregionaldigital.com.br\/index.php?rest_route=\/wp\/v2\/media\/202516"}],"wp:attachment":[{"href":"https:\/\/diarioregionaldigital.com.br\/index.php?rest_route=%2Fwp%2Fv2%2Fmedia&parent=202515"}],"wp:term":[{"taxonomy":"category","embeddable":true,"href":"https:\/\/diarioregionaldigital.com.br\/index.php?rest_route=%2Fwp%2Fv2%2Fcategories&post=202515"},{"taxonomy":"post_tag","embeddable":true,"href":"https:\/\/diarioregionaldigital.com.br\/index.php?rest_route=%2Fwp%2Fv2%2Ftags&post=202515"}],"curies":[{"name":"wp","href":"https:\/\/api.w.org\/{rel}","templated":true}]}}