{"id":202504,"date":"2022-08-02T20:56:06","date_gmt":"2022-08-02T23:56:06","guid":{"rendered":"https:\/\/diarioregionaldigital.com.br\/?p=202504"},"modified":"2022-08-02T20:56:06","modified_gmt":"2022-08-02T23:56:06","slug":"programa-boniteza-realiza-77-intervencoes-nesta-terca-2","status":"publish","type":"post","link":"https:\/\/diarioregionaldigital.com.br\/?p=202504","title":{"rendered":"Programa Boniteza realiza 77 interven\u00e7\u00f5es nesta ter\u00e7a, 2"},"content":{"rendered":"<p>Segundo informa\u00e7\u00f5es do site da Prefeitura de Juiz de Fora (PJF), o\u00a0Programa Boniteza da Prefeitura de Juiz de Fora (PJF) opera em 77 interven\u00e7\u00f5es nesta ter\u00e7a-feira, 2.<br \/>\n<strong>Obras<\/strong><br \/>\nOs Departamentos de Opera\u00e7\u00e3o e Manuten\u00e7\u00e3o em Obras (Domo) e de Estradas Vicinais da Secretaria de Obras t\u00eam previstas 18 a\u00e7\u00f5es.<br \/>\n<strong>Interven\u00e7\u00f5es em continuidade:<\/strong><br \/>\n&#8211; Corre\u00e7\u00e3o de eros\u00e3o pluvial &#8211; Rua Geraldo Scaldini &#8211; Jardim Natal<\/p>\n<p>&#8211; Coloca\u00e7\u00e3o de grades de concreto &#8211; Avenida Get\u00falio Vargas &#8211;\u00a0 Centro<\/p>\n<p>&#8211; Patrolamento e limpeza &#8211; Estrada vale dos pe\u00f5es &#8211; Linhares<\/p>\n<p>&#8211; Execu\u00e7\u00e3o de meio fio &#8211; Rua Jos\u00e9 Barata &#8211; Santos Dumont<\/p>\n<p>&#8211; Constru\u00e7\u00e3o de mureta &#8211; Rua Miguel Jacob<br \/>\n<strong>Novas interven\u00e7\u00f5es:<\/strong><br \/>\n&#8211; Limpeza de boca de lobo &#8211; Avenida Presidente Itamar Franco &#8211; Centro<\/p>\n<p>&#8211; Coloca\u00e7\u00e3o de tamp\u00e3o pluvial &#8211; Rua Batista de Oliveira &#8211; Centro<\/p>\n<p>&#8211; Coloca\u00e7\u00e3o de tamp\u00e3o pluvial &#8211; Rua da Uni\u00e3o &#8211; Santo Ant\u00f4nio<\/p>\n<p>&#8211; Constru\u00e7\u00e3o de muro de conten\u00e7\u00e3o &#8211; Rua Z\u00e9lia Maria Valentin<\/p>\n<p>&#8211; Limpeza do c\u00f3rrego da Vargem grande &#8211; Estrada Pedra Branca &#8211; N\u00e1utico<\/p>\n<p>&#8211; Execu\u00e7\u00e3o de enroncamento para constru\u00e7\u00e3o de ponte sobre c\u00f3rrego &#8211; Estrada Pedra Branca &#8211; N\u00e1utico<\/p>\n<p>&#8211; Patrolamento &#8211; Estrada de palmital<\/p>\n<p>&#8211; Recomposi\u00e7\u00e3o de cerca pr\u00f3ximo ao bueiro qu\u00e1druplo de metro &#8211; Estrada da Varginha<\/p>\n<p>&#8211; Retirada de entulho &#8211; Estrada do Ba\u00fa &#8211; Torre\u00f5es<\/p>\n<p>&#8211; Patrolamento &#8211; Estrada do cristal &#8211; Sarandira<\/p>\n<p>&#8211; Transporte de equipamento &#8211; Estrada do mascate &#8211; Monte verde<\/p>\n<p>&#8211; Dep\u00f3sito de material para atender a estrada &#8211; Estrada de sarandira &#8211; Sarandira<\/p>\n<p>&#8211; Corre\u00e7\u00e3o de eros\u00e3o pluvial &#8211; Rua Silval Corr\u00eaa<br \/>\n<strong>Ilumina\u00e7\u00e3o P\u00fablica<\/strong><br \/>\nO departamento de Ilumina\u00e7\u00e3o P\u00fablica da PJF d\u00e1 continuidade \u00e0s a\u00e7\u00f5es com a previs\u00e3o de trocas de 59 l\u00e2mpadas em todas as regi\u00f5es.<br \/>\n<strong>Vivendas Da Serra<\/strong><\/p>\n<p>Rua Humberto Luigi Louisi<br \/>\n<strong>Santa Rita De C\u00e1ssia<\/strong><\/p>\n<p>Rua Wandeir Soares Nogueira<br \/>\n<strong>Linhares<\/strong><\/p>\n<p>Rua Doutor Moacir De Castro Xavier<\/p>\n<p>Rua Professor Raimundo Tavares<br \/>\n<strong>Manoel Hon\u00f3rio<\/strong><\/p>\n<p>Rua Ant\u00f4nio Lagrota<br \/>\n<strong>Progresso<\/strong><\/p>\n<p>Rua Ormesinda Gomes Rocha<br \/>\n<strong>S\u00e3o Pedro<\/strong><\/p>\n<p>Avenida Presidente Costa E Silva<\/p>\n<p>Avenida Senhor Dos Passos<br \/>\n<strong>Filgueiras<\/strong><\/p>\n<p>Rua Jos\u00e9 Pitta De Castro<\/p>\n<p>Rua Jos\u00e9 Faustino Santiago<br \/>\n<strong>Mundo Novo<\/strong><\/p>\n<p>Rua Almir Monteiro<br \/>\n<strong>Granjas Bet\u00e2nia<\/strong><\/p>\n<p>Rua Otac\u00edlio Esteves Da Silva<br \/>\n<strong>Bom Jardim<\/strong><\/p>\n<p>Rua Diva Garcia<br \/>\n<strong>Santos Dumont<\/strong><\/p>\n<p>Rua Geraldo Tim\u00f3teo De Oliveira<br \/>\n<strong>Marumbi<\/strong><\/p>\n<p>Rua Silvestre De Ara\u00fajo Porto<br \/>\n<strong>Santa Helena<\/strong><\/p>\n<p>Rua Silva Jardim<br \/>\n<strong>Pomar Da Serra<\/strong><\/p>\n<p>Rodovia Br 040 Km 786<br \/>\n<strong>F\u00e1brica<\/strong><\/p>\n<p>Rua Marechal Carombert Pereira Da Costa<br \/>\n<strong>Democrata<\/strong><\/p>\n<p>Acesso Ao Hospital Militar<\/p>\n<p>Rua Muria\u00e9<br \/>\n<strong>Eldorado<\/strong><\/p>\n<p>Travessa Gabriel Neves<br \/>\n<strong>Bela Aurora<\/strong><\/p>\n<p>Rua Ol\u00edvia Moreira<\/p>\n<p>Rua Pedro Castegliani<br \/>\n<strong>S\u00e3o Geraldo<\/strong><\/p>\n<p>Rua Cl\u00f3vis Seroa Da Mota<br \/>\n<strong>S\u00e3o Benedito<\/strong><\/p>\n<p>Rua No\u00eamia Egidia Dos Santos<br \/>\n<strong>Alto Dos Passos<\/strong><\/p>\n<p>Rua Doutor Romualdo<br \/>\n<strong>Santa Luzia<\/strong><\/p>\n<p>Rua Aurora Torres<br \/>\n<strong>Grama<\/strong><\/p>\n<p>Geraldo Martins Costa<\/p>\n<p>Rua Franklin Soares Ferreira<br \/>\n<strong>Cascatinha<\/strong><\/p>\n<p>Rua Ministro Amar\u00edlio Lopes Salgado<br \/>\n<strong>S\u00e3o Judas Tadeu<\/strong><\/p>\n<p>Rua Jos\u00e9 Paulino Sobrinho<br \/>\n<strong>Bom Pastor<\/strong><\/p>\n<p>Rua Carlos Sampaio<\/p>\n<p>Rua Renato Dias<br \/>\n<strong>Santa Efig\u00eania<\/strong><\/p>\n<p>Rua Waltencir Dos Santos<br \/>\n<strong>Santa Cec\u00edlia<\/strong><\/p>\n<p>Rua Rita Monteiro<\/p>\n<p>Rua Heitor Soares De Almeida<br \/>\n<strong>Vila Alpina<\/strong><\/p>\n<p>Rua Sebasti\u00e3o Costa<br \/>\n<strong>Industrial<\/strong><\/p>\n<p>Avenida Garcia Rodrigues Paes<br \/>\n<strong>Parque Imperial<\/strong><\/p>\n<p>Rua Ivan Soares De Oliveira<br \/>\n<strong>Ipiranga<\/strong><\/p>\n<p>Avenida Darcy Vargas<br \/>\n<strong>Jardim Natal<\/strong><\/p>\n<p>Rua Tenente Lucas Drumont<br \/>\n<strong>S\u00e3o Mateus<\/strong><\/p>\n<p>Rua Mamor\u00e9<br \/>\n<strong>Quintas Da Avenida<\/strong><\/p>\n<p>Rua Arcioli Lazzarini<br \/>\n<strong>Jardim Gl\u00f3ria<\/strong><\/p>\n<p>Rua Da Laguna<br \/>\n<strong>Po\u00e7o Rico<\/strong><\/p>\n<p>Rua Alagoas<br \/>\n<strong>Bom Clima<\/strong><\/p>\n<p>Rua Aur\u00e9lio Ferreira Salgado<br \/>\n<strong>Tiguera<\/strong><\/p>\n<p>Rua \u00cdtalo Cupolillo<br \/>\n<strong>Parque Independ\u00eancia<\/strong><\/p>\n<p>Rua Jaime De Souza<\/p>\n<p>Rua Archimedes Segantini<br \/>\n<strong>Centro<\/strong><\/p>\n<p>Avenida Bar\u00e3o Do Rio Branco<br \/>\n<strong>Gabinete de A\u00e7\u00e3o e Di\u00e1logo Comunit\u00e1rio<\/strong><br \/>\nAs a\u00e7\u00f5es da Secretaria de Obras s\u00e3o realizadas atrav\u00e9s do Gabinete de A\u00e7\u00e3o e Di\u00e1logo Comunit\u00e1rio, que recebe demandas de melhorias urbanas pelo n\u00famero (32) 3690-7241, por liga\u00e7\u00e3o ou WhatsApp.<br \/>\nNo\u00a0<a href=\"https:\/\/www.pjf.mg.gov.br\/gabinetecomunitario\/\"><strong>site do gabinete<\/strong><\/a>, est\u00e3o dispon\u00edveis informa\u00e7\u00f5es atualizadas\u00a0 diariamente sobre os servi\u00e7os realizados pelas secretarias de Obras (SO); de Sustentabilidade em Meio Ambiente e Atividades Urbanas (Sesmaur); de Mobilidade Urbana (SMU); e pela\u00a0 Empresa Municipal de Pavimenta\u00e7\u00e3o e Urbaniza\u00e7\u00e3o (Empav); Departamento Municipal de Limpeza Urbana (Demlurb); e Companhia de Saneamento Municipal (Cesama).<\/p>\n","protected":false},"excerpt":{"rendered":"<p>Segundo informa\u00e7\u00f5es do site da Prefeitura de Juiz de Fora (PJF), o\u00a0Programa Boniteza da Prefeitura de Juiz de Fora (PJF) opera em 77 interven\u00e7\u00f5es nesta ter\u00e7a-feira, 2. Obras Os Departamentos de Opera\u00e7\u00e3o e Manuten\u00e7\u00e3o em Obras (Domo) e de Estradas Vicinais da Secretaria de Obras t\u00eam previstas 18 a\u00e7\u00f5es. Interven\u00e7\u00f5es em continuidade: &#8211; Corre\u00e7\u00e3o de [&hellip;]<\/p>\n","protected":false},"author":246,"featured_media":202505,"comment_status":"closed","ping_status":"closed","sticky":false,"template":"","format":"standard","meta":{"footnotes":""},"categories":[253,436,439],"tags":[],"class_list":["post-202504","post","type-post","status-publish","format-standard","has-post-thumbnail","hentry","category-cidade","category-destaque-da-semana","category-ultima-hora"],"_links":{"self":[{"href":"https:\/\/diarioregionaldigital.com.br\/index.php?rest_route=\/wp\/v2\/posts\/202504","targetHints":{"allow":["GET"]}}],"collection":[{"href":"https:\/\/diarioregionaldigital.com.br\/index.php?rest_route=\/wp\/v2\/posts"}],"about":[{"href":"https:\/\/diarioregionaldigital.com.br\/index.php?rest_route=\/wp\/v2\/types\/post"}],"author":[{"embeddable":true,"href":"https:\/\/diarioregionaldigital.com.br\/index.php?rest_route=\/wp\/v2\/users\/246"}],"replies":[{"embeddable":true,"href":"https:\/\/diarioregionaldigital.com.br\/index.php?rest_route=%2Fwp%2Fv2%2Fcomments&post=202504"}],"version-history":[{"count":1,"href":"https:\/\/diarioregionaldigital.com.br\/index.php?rest_route=\/wp\/v2\/posts\/202504\/revisions"}],"predecessor-version":[{"id":202506,"href":"https:\/\/diarioregionaldigital.com.br\/index.php?rest_route=\/wp\/v2\/posts\/202504\/revisions\/202506"}],"wp:featuredmedia":[{"embeddable":true,"href":"https:\/\/diarioregionaldigital.com.br\/index.php?rest_route=\/wp\/v2\/media\/202505"}],"wp:attachment":[{"href":"https:\/\/diarioregionaldigital.com.br\/index.php?rest_route=%2Fwp%2Fv2%2Fmedia&parent=202504"}],"wp:term":[{"taxonomy":"category","embeddable":true,"href":"https:\/\/diarioregionaldigital.com.br\/index.php?rest_route=%2Fwp%2Fv2%2Fcategories&post=202504"},{"taxonomy":"post_tag","embeddable":true,"href":"https:\/\/diarioregionaldigital.com.br\/index.php?rest_route=%2Fwp%2Fv2%2Ftags&post=202504"}],"curies":[{"name":"wp","href":"https:\/\/api.w.org\/{rel}","templated":true}]}}