{"id":202501,"date":"2022-08-02T20:51:30","date_gmt":"2022-08-02T23:51:30","guid":{"rendered":"https:\/\/diarioregionaldigital.com.br\/?p=202501"},"modified":"2022-08-02T20:51:30","modified_gmt":"2022-08-02T23:51:30","slug":"novo-conjunto-motobomba-da-eta-sao-pedro-garantira-mais-seguranca-para-o-abastecimento-da-cidade-alta","status":"publish","type":"post","link":"https:\/\/diarioregionaldigital.com.br\/?p=202501","title":{"rendered":"Novo conjunto motobomba da ETA S\u00e3o Pedro garantir\u00e1 mais seguran\u00e7a para o abastecimento da Cidade Alta"},"content":{"rendered":"<p>Segundo informa\u00e7\u00f5es do site da Prefeitura de Juiz de Fora (PJF), na madrugada desta ter\u00e7a-feira, 2, a Prefeitura de Juiz de Fora (PJF) efetuou a substitui\u00e7\u00e3o de uma das bombas da Esta\u00e7\u00e3o de Tratamento de \u00c1gua (ETA) S\u00e3o Pedro da Companhia de Saneamento Municipal (Cesama). Com o novo conjunto motobomba em opera\u00e7\u00e3o, a companhia passar\u00e1 a contar tamb\u00e9m com um equipamento reserva, garantindo assim mais seguran\u00e7a e estabilidade para o abastecimento da Cidade Alta, minimizando poss\u00edveis interrup\u00e7\u00f5es no fornecimento de \u00e1gua.<\/p>\n<p>&nbsp;<\/p>\n<p>O novo conjunto possuiu capacidade para trabalhar com uma vaz\u00e3o de at\u00e9 130 litros por segundo, volume superior ao da antiga bomba. Contando com uma pot\u00eancia de at\u00e9 175 cavalo-vapor (cv), o equipamento tamb\u00e9m ir\u00e1 proporcionar uma economia na ordem de R$ 100 mil por ano, em termos de efici\u00eancia energ\u00e9tica para a Cesama.<\/p>\n<p>&nbsp;<\/p>\n","protected":false},"excerpt":{"rendered":"<p>Segundo informa\u00e7\u00f5es do site da Prefeitura de Juiz de Fora (PJF), na madrugada desta ter\u00e7a-feira, 2, a Prefeitura de Juiz de Fora (PJF) efetuou a substitui\u00e7\u00e3o de uma das bombas da Esta\u00e7\u00e3o de Tratamento de \u00c1gua (ETA) S\u00e3o Pedro da Companhia de Saneamento Municipal (Cesama). Com o novo conjunto motobomba em opera\u00e7\u00e3o, a companhia passar\u00e1 [&hellip;]<\/p>\n","protected":false},"author":246,"featured_media":202502,"comment_status":"closed","ping_status":"closed","sticky":false,"template":"","format":"standard","meta":{"footnotes":""},"categories":[253,436,439],"tags":[],"class_list":["post-202501","post","type-post","status-publish","format-standard","has-post-thumbnail","hentry","category-cidade","category-destaque-da-semana","category-ultima-hora"],"_links":{"self":[{"href":"https:\/\/diarioregionaldigital.com.br\/index.php?rest_route=\/wp\/v2\/posts\/202501","targetHints":{"allow":["GET"]}}],"collection":[{"href":"https:\/\/diarioregionaldigital.com.br\/index.php?rest_route=\/wp\/v2\/posts"}],"about":[{"href":"https:\/\/diarioregionaldigital.com.br\/index.php?rest_route=\/wp\/v2\/types\/post"}],"author":[{"embeddable":true,"href":"https:\/\/diarioregionaldigital.com.br\/index.php?rest_route=\/wp\/v2\/users\/246"}],"replies":[{"embeddable":true,"href":"https:\/\/diarioregionaldigital.com.br\/index.php?rest_route=%2Fwp%2Fv2%2Fcomments&post=202501"}],"version-history":[{"count":1,"href":"https:\/\/diarioregionaldigital.com.br\/index.php?rest_route=\/wp\/v2\/posts\/202501\/revisions"}],"predecessor-version":[{"id":202503,"href":"https:\/\/diarioregionaldigital.com.br\/index.php?rest_route=\/wp\/v2\/posts\/202501\/revisions\/202503"}],"wp:featuredmedia":[{"embeddable":true,"href":"https:\/\/diarioregionaldigital.com.br\/index.php?rest_route=\/wp\/v2\/media\/202502"}],"wp:attachment":[{"href":"https:\/\/diarioregionaldigital.com.br\/index.php?rest_route=%2Fwp%2Fv2%2Fmedia&parent=202501"}],"wp:term":[{"taxonomy":"category","embeddable":true,"href":"https:\/\/diarioregionaldigital.com.br\/index.php?rest_route=%2Fwp%2Fv2%2Fcategories&post=202501"},{"taxonomy":"post_tag","embeddable":true,"href":"https:\/\/diarioregionaldigital.com.br\/index.php?rest_route=%2Fwp%2Fv2%2Ftags&post=202501"}],"curies":[{"name":"wp","href":"https:\/\/api.w.org\/{rel}","templated":true}]}}