{"id":202498,"date":"2022-08-02T20:49:32","date_gmt":"2022-08-02T23:49:32","guid":{"rendered":"https:\/\/diarioregionaldigital.com.br\/?p=202498"},"modified":"2022-08-03T13:47:35","modified_gmt":"2022-08-03T16:47:35","slug":"guarda-municipal-participa-de-lancamento-da-campanha-agosto-lilas","status":"publish","type":"post","link":"https:\/\/diarioregionaldigital.com.br\/?p=202498","title":{"rendered":"Guarda Municipal participa de lan\u00e7amento da campanha Agosto Lil\u00e1s"},"content":{"rendered":"<p>Segundo informa\u00e7\u00f5es do site da Prefeitura de Juiz de Fora (PJF), o\u00a0m\u00eas de agosto chega carregado de prop\u00f3sitos. Um deles \u00e9 a prote\u00e7\u00e3o das mulheres contra a viol\u00eancia dom\u00e9stica e familiar, trazida ao p\u00fablico pela campanha Agosto Lil\u00e1s. A escolha do m\u00eas remete ao anivers\u00e1rio da Lei Maria da Penha, sancionada no dia 7 de agosto de 2006. Para marcar a data, profissionais da Delegacia Especializada de Atendimento \u00e0 Mulher (Deam), da Guarda Municipal de Juiz de Fora e da Pol\u00edcia Militar de Minas Gerais abriram os trabalhos de sensibiliza\u00e7\u00e3o, em ato simb\u00f3lico, em frente \u00e0 Casa da Mulher, no Bairro Vitorino Braga, nesta segunda-feira, 1. Na pr\u00f3xima segunda-feira, 8, as institui\u00e7\u00f5es realizam blitz educativa, conscientizando sobre a quest\u00e3o.<\/p>\n<p>A Lei Maria da Penha nasce do clamor de uma mulher, que ficou parapl\u00e9gica em consequ\u00eancia das agress\u00f5es do marido e se tornou s\u00edmbolo da luta contra a viol\u00eancia dom\u00e9stica. Gra\u00e7as a essa lei, mulheres recorrem cada vez mais \u00e0 justi\u00e7a para denunciar e se protegerem da viol\u00eancia de seus companheiros.<\/p>\n<p>Somente este ano, a Guarda Municipal foi respons\u00e1vel pelo encaminhamento de dois casos de descumprimento de medida protetiva. Uma em mar\u00e7o, nas imedia\u00e7\u00f5es da Pra\u00e7a do Riachuelo e outra, em junho, no Mercado Municipal, Complexo Cultural Bernardo Mascarenhas. As mulheres v\u00edtimas das investidas de seus antigos parceiros, mesmo diante da determina\u00e7\u00e3o legal de dist\u00e2ncia m\u00ednima entre eles, buscaram apoio em agentes da Guarda Municipal em \u00e1reas p\u00fablicas da cidade e tiveram sucesso em evitar a aproxima\u00e7\u00e3o e em fazer valer a lei. Os homens detidos foram apresentados \u00e0 autoridade policial e recolhidos ao sistema prisional.<\/p>\n<p>A Guarda Municipal se solidariza e trabalha pela prote\u00e7\u00e3o \u00e0 mulher para que nenhuma venha a sofrer com importuna\u00e7\u00e3o sexual, agress\u00f5es ou at\u00e9 a perda da vida de forma violenta. Desde o \u00faltimo ano, a corpora\u00e7\u00e3o abra\u00e7ou a campanha do sinal vermelho, como medida de acolhimento a poss\u00edveis v\u00edtimas de viol\u00eancia dom\u00e9stica e familiar impossibilitadas de fazerem den\u00fancia. Com um \u201cx\u201d vermelho na m\u00e3o, a v\u00edtima sinaliza que precisa de ajuda e a Guarda est\u00e1 apta a encaminhar os casos recebidos desta forma.<br \/>\nO fortalecimento de a\u00e7\u00f5es destinadas ao enfrentamento e \u00e0 preven\u00e7\u00e3o de todas as formas de viol\u00eancia contra as mulheres \u00e9 uma das metas que comp\u00f5em o Plano Municipal de Seguran\u00e7a Urbana e Cidadania de Juiz de Fora em vigor desde outubro de 2021. Bem como \u00e9 compet\u00eancia da Guarda Municipal colaborar, de forma integrada com os \u00f3rg\u00e3os de seguran\u00e7a p\u00fablica, em a\u00e7\u00f5es conjuntas que contribuam com a paz social, conforme previsto na lei federal 13.022\/2016.<\/p>\n","protected":false},"excerpt":{"rendered":"<p>Segundo informa\u00e7\u00f5es do site da Prefeitura de Juiz de Fora (PJF), o\u00a0m\u00eas de agosto chega carregado de prop\u00f3sitos. Um deles \u00e9 a prote\u00e7\u00e3o das mulheres contra a viol\u00eancia dom\u00e9stica e familiar, trazida ao p\u00fablico pela campanha Agosto Lil\u00e1s. A escolha do m\u00eas remete ao anivers\u00e1rio da Lei Maria da Penha, sancionada no dia 7 de [&hellip;]<\/p>\n","protected":false},"author":246,"featured_media":202499,"comment_status":"closed","ping_status":"closed","sticky":false,"template":"","format":"standard","meta":{"footnotes":""},"categories":[253,436,439],"tags":[],"class_list":["post-202498","post","type-post","status-publish","format-standard","has-post-thumbnail","hentry","category-cidade","category-destaque-da-semana","category-ultima-hora"],"_links":{"self":[{"href":"https:\/\/diarioregionaldigital.com.br\/index.php?rest_route=\/wp\/v2\/posts\/202498","targetHints":{"allow":["GET"]}}],"collection":[{"href":"https:\/\/diarioregionaldigital.com.br\/index.php?rest_route=\/wp\/v2\/posts"}],"about":[{"href":"https:\/\/diarioregionaldigital.com.br\/index.php?rest_route=\/wp\/v2\/types\/post"}],"author":[{"embeddable":true,"href":"https:\/\/diarioregionaldigital.com.br\/index.php?rest_route=\/wp\/v2\/users\/246"}],"replies":[{"embeddable":true,"href":"https:\/\/diarioregionaldigital.com.br\/index.php?rest_route=%2Fwp%2Fv2%2Fcomments&post=202498"}],"version-history":[{"count":1,"href":"https:\/\/diarioregionaldigital.com.br\/index.php?rest_route=\/wp\/v2\/posts\/202498\/revisions"}],"predecessor-version":[{"id":202500,"href":"https:\/\/diarioregionaldigital.com.br\/index.php?rest_route=\/wp\/v2\/posts\/202498\/revisions\/202500"}],"wp:featuredmedia":[{"embeddable":true,"href":"https:\/\/diarioregionaldigital.com.br\/index.php?rest_route=\/wp\/v2\/media\/202499"}],"wp:attachment":[{"href":"https:\/\/diarioregionaldigital.com.br\/index.php?rest_route=%2Fwp%2Fv2%2Fmedia&parent=202498"}],"wp:term":[{"taxonomy":"category","embeddable":true,"href":"https:\/\/diarioregionaldigital.com.br\/index.php?rest_route=%2Fwp%2Fv2%2Fcategories&post=202498"},{"taxonomy":"post_tag","embeddable":true,"href":"https:\/\/diarioregionaldigital.com.br\/index.php?rest_route=%2Fwp%2Fv2%2Ftags&post=202498"}],"curies":[{"name":"wp","href":"https:\/\/api.w.org\/{rel}","templated":true}]}}