{"id":202495,"date":"2022-08-02T20:43:48","date_gmt":"2022-08-02T23:43:48","guid":{"rendered":"https:\/\/diarioregionaldigital.com.br\/?p=202495"},"modified":"2022-08-02T20:43:48","modified_gmt":"2022-08-02T23:43:48","slug":"prefeita-e-a-primeira-entrevistada-pelo-censo-2022-em-juiz-de-fora","status":"publish","type":"post","link":"https:\/\/diarioregionaldigital.com.br\/?p=202495","title":{"rendered":"Prefeita \u00e9 a primeira entrevistada pelo Censo 2022 em Juiz de Fora"},"content":{"rendered":"<p>Segundo informa\u00e7\u00f5es do site da Prefeitura de Juiz de Fora (PJF), come\u00e7a nesta segunda-feira, 1\u00ba, a coleta do Censo Demogr\u00e1fico 2022, realizado pelo Instituto Brasileiro de Geografia e Estat\u00edstica (IBGE). Devido \u00e0 pandemia e aos cortes or\u00e7ament\u00e1rios, em 2020 e 2021, respectivamente, os trabalhos ter\u00e3o in\u00edcio neste m\u00eas e ser\u00e3o finalizados at\u00e9 o final do ano. O Censo \u00e9 realizado de dez em dez anos, com os \u00faltimos dados apurados do ano de 2010.<\/p>\n<p>&nbsp;<\/p>\n<p>Em cerim\u00f4nia realizada nesta tarde no Gabinete da prefeita Margarida Salom\u00e3o, a chefe do executivo municipal foi a primeira pessoa na cidade a responder \u00e0s perguntas do Censo Demogr\u00e1fico 2022. Em sua fala, ela lamentou o corte de recursos para o IBGE, al\u00e9m de destacar a import\u00e2ncia do Censo para uma melhor execu\u00e7\u00e3o das pol\u00edticas p\u00fablicas.<\/p>\n<p>&nbsp;<\/p>\n<p>&#8220;H\u00e1 anos estamos fazendo sobre Juiz de Fora proje\u00e7\u00f5es num\u00e9ricas a partir de dados de 2010. Ent\u00e3o, at\u00e9 para estabelecer o percentual da popula\u00e7\u00e3o coberta na vacina\u00e7\u00e3o contra a Covid, n\u00f3s tivemos que fazer muitas gin\u00e1sticas diante da aus\u00eancia dessas informa\u00e7\u00f5es t\u00e3o fundamentais. Eu lamento o corte dos recursos para o IBGE e das universidades brasileiras, assim como para todo o sistema de ci\u00eancia e tecnologia. Tudo isso \u00e9 extremamente prejudicial ao pa\u00eds&#8221;, indicou a prefeita.<\/p>\n<p>&nbsp;<\/p>\n<p>A estimativa \u00e9 que aproximadamente 187 mil domic\u00edlios na cidade sejam visitados pelos funcion\u00e1rios do IBGE, tendo em vista que Juiz de Fora tem uma popula\u00e7\u00e3o estimada de 577 mil habitantes. Durante a coleta nas resid\u00eancias, ser\u00e3o utilizados dois tipos de question\u00e1rio: o b\u00e1sico e o da amostra. O primeiro ser\u00e1 aplicado em todas as entrevistas e conta com 26 quest\u00f5es, que ir\u00e3o investigar as principais caracter\u00edsticas dos moradores e das moradias.<\/p>\n<p>&nbsp;<\/p>\n<p>J\u00e1 o segundo question\u00e1rio ser\u00e1 aplicado somente em algumas resid\u00eancias selecionadas, contando com 77 perguntas que versam sobre temas espec\u00edficos, como caracter\u00edsticas dos domic\u00edlios, identifica\u00e7\u00e3o \u00e9tnico-racial, nupcialidade, n\u00facleo familiar, fecundidade, religi\u00e3o ou culto, defici\u00eancia, migra\u00e7\u00e3o interna ou internacional, educa\u00e7\u00e3o, deslocamento para estudo, trabalho e rendimento, deslocamento para trabalho, mortalidade e autismo. Na cidade, 5% das resid\u00eancias ser\u00e3o selecionadas para responderem o question\u00e1rio de amostra.<\/p>\n<p>&nbsp;<\/p>\n<p>Para a coordenadora do IBGE na cidade, Ana C\u00e2ndida Gontijo de Paula, a expectativa \u00e9 de que os trabalhos no munic\u00edpio ocorram da melhor forma: &#8220;N\u00f3s esperamos fazer um \u00f3timo trabalho com Juiz de Fora. Para realizar qualquer tipo de planejamento, seja ele p\u00fablico ou privado, conhecer a nossa realidade \u00e9 fundamental&#8221;. J\u00e1 a secret\u00e1ria de Governo, Cidinha Louzada, destacou que a PJF est\u00e1 de portas abertas para auxiliar o IBGE no que for preciso. &#8220;Esse \u00e9 um trabalho muito importante para a nossa cidade e para o pa\u00eds. Em lugares que tenham o acesso mais complicado, n\u00f3s estamos \u00e0 disposi\u00e7\u00e3o para acompanhar e ajudar os recenseadores&#8221;, indica.<\/p>\n<p>&nbsp;<\/p>\n<p>Os recenseadores do IBGE que ir\u00e3o realizar as visitas nas resid\u00eancias da cidade estar\u00e3o caracterizados com uniforme pr\u00f3prio, al\u00e9m de trajar crach\u00e1 com foto e com um QR Code, que permite conferir a autenticidade da credencial no site do IBGE. Em caso de d\u00favidas, \u00e9 poss\u00edvel ligar para o n\u00famero 0800 721 8181.<\/p>\n<p>&nbsp;<\/p>\n<p>&nbsp;<\/p>\n","protected":false},"excerpt":{"rendered":"<p>Segundo informa\u00e7\u00f5es do site da Prefeitura de Juiz de Fora (PJF), come\u00e7a nesta segunda-feira, 1\u00ba, a coleta do Censo Demogr\u00e1fico 2022, realizado pelo Instituto Brasileiro de Geografia e Estat\u00edstica (IBGE). Devido \u00e0 pandemia e aos cortes or\u00e7ament\u00e1rios, em 2020 e 2021, respectivamente, os trabalhos ter\u00e3o in\u00edcio neste m\u00eas e ser\u00e3o finalizados at\u00e9 o final do [&hellip;]<\/p>\n","protected":false},"author":246,"featured_media":202496,"comment_status":"closed","ping_status":"closed","sticky":false,"template":"","format":"standard","meta":{"footnotes":""},"categories":[253,436,440,439],"tags":[],"class_list":["post-202495","post","type-post","status-publish","format-standard","has-post-thumbnail","hentry","category-cidade","category-destaque-da-semana","category-destaques-do-dia","category-ultima-hora"],"_links":{"self":[{"href":"https:\/\/diarioregionaldigital.com.br\/index.php?rest_route=\/wp\/v2\/posts\/202495","targetHints":{"allow":["GET"]}}],"collection":[{"href":"https:\/\/diarioregionaldigital.com.br\/index.php?rest_route=\/wp\/v2\/posts"}],"about":[{"href":"https:\/\/diarioregionaldigital.com.br\/index.php?rest_route=\/wp\/v2\/types\/post"}],"author":[{"embeddable":true,"href":"https:\/\/diarioregionaldigital.com.br\/index.php?rest_route=\/wp\/v2\/users\/246"}],"replies":[{"embeddable":true,"href":"https:\/\/diarioregionaldigital.com.br\/index.php?rest_route=%2Fwp%2Fv2%2Fcomments&post=202495"}],"version-history":[{"count":1,"href":"https:\/\/diarioregionaldigital.com.br\/index.php?rest_route=\/wp\/v2\/posts\/202495\/revisions"}],"predecessor-version":[{"id":202497,"href":"https:\/\/diarioregionaldigital.com.br\/index.php?rest_route=\/wp\/v2\/posts\/202495\/revisions\/202497"}],"wp:featuredmedia":[{"embeddable":true,"href":"https:\/\/diarioregionaldigital.com.br\/index.php?rest_route=\/wp\/v2\/media\/202496"}],"wp:attachment":[{"href":"https:\/\/diarioregionaldigital.com.br\/index.php?rest_route=%2Fwp%2Fv2%2Fmedia&parent=202495"}],"wp:term":[{"taxonomy":"category","embeddable":true,"href":"https:\/\/diarioregionaldigital.com.br\/index.php?rest_route=%2Fwp%2Fv2%2Fcategories&post=202495"},{"taxonomy":"post_tag","embeddable":true,"href":"https:\/\/diarioregionaldigital.com.br\/index.php?rest_route=%2Fwp%2Fv2%2Ftags&post=202495"}],"curies":[{"name":"wp","href":"https:\/\/api.w.org\/{rel}","templated":true}]}}