{"id":202492,"date":"2022-08-02T20:23:37","date_gmt":"2022-08-02T23:23:37","guid":{"rendered":"https:\/\/diarioregionaldigital.com.br\/?p=202492"},"modified":"2022-08-02T20:23:37","modified_gmt":"2022-08-02T23:23:37","slug":"mundial-de-atletismo-sub-20-tem-promessas-de-medalha-para-o-brasil","status":"publish","type":"post","link":"https:\/\/diarioregionaldigital.com.br\/?p=202492","title":{"rendered":"Mundial de Atletismo Sub-20 tem promessas de medalha para o Brasil"},"content":{"rendered":"<p dir=\"ltr\">A cidade de Cali, na Col\u00f4mbia, recebe o Mundial de Atletismo Sub-20, de 1 a 6 de agosto. A delega\u00e7\u00e3o brasileira, composta por 37 atletas, sendo 19 mulheres e 18 homens, est\u00e1 com grandes expectativas de medalhas.<\/p>\n<p dir=\"ltr\">Entre os nomes que v\u00e3o representar as cores do Brasil, Vanessa Sena, de 18 anos, e Gabriel Boza, 19, aparecem como promessas de p\u00f3dio. A paulista de Cap\u00e3o Redondo, que foi descoberta na Gymnasiade (Mundial Escolar), na qual foi campe\u00e3 em maio deste ano, tem o salto em dist\u00e2ncia como sua prova principal, mas tamb\u00e9m vai competir no revezamento 4x100m feminino, em Cali.<\/p>\n<p dir=\"ltr\">A melhor marca de Vanessa no salto em dist\u00e2ncia \u00e9 de 6,35m e, por isso, ela desistiu de disputar os 200m rasos no Mundial, para poder se dedicar a chegar aos 6,40m na prova que \u00e9 sua maior arma.<\/p>\n<p>Ela compete na eliminat\u00f3ria do salto em dist\u00e2ncia na quarta-feira (3.07), \u00e0s 11h45, hor\u00e1rio de Bras\u00edlia. Caso avance, a final est\u00e1 marcada para sexta (5), \u00e0s 17h. J\u00e1 a eliminat\u00f3ria do revezamento 4x100m feminino ser\u00e1 \u00e0s 17h da ter\u00e7a (2) e a final, tamb\u00e9m na sexta, \u00e0s 19h30.<\/p>\n<p>Gabriel Boza tamb\u00e9m \u00e9 promessa de medalha no salto em dist\u00e2ncia. Natural do interior do Paran\u00e1, ele ficou em 4\u00ba lugar no Mundial Sub-20 de 2021, no Qu\u00eania, e almeja o lugar mais alto desta vez. Sua melhor marca \u00e9 de 8.04m, obtida em setembro do ano passado.<\/p>\n<p>Ele estreia na ter\u00e7a (2), na eliminat\u00f3ria da prova que ocorre \u00e0s 13h45. Avan\u00e7ando, Gabriel disputa a final no mesmo dia, \u00e0s 18h15.<\/p>\n<p><strong>Brasil em outras provas<\/strong><\/p>\n<p>Al\u00e9m do salto em dist\u00e2ncia masculino e feminino e do revezamento 4x100m feminino, a torcida brasileira tamb\u00e9m pode ficar de olho em provas como:<\/p>\n<ul>\n<li dir=\"ltr\">\n<p dir=\"ltr\">100m masculino e feminino<\/p>\n<\/li>\n<li dir=\"ltr\">\n<p dir=\"ltr\">200m masculino e feminino<\/p>\n<\/li>\n<li dir=\"ltr\">\n<p dir=\"ltr\">4x100m masculino<\/p>\n<\/li>\n<li dir=\"ltr\">\n<p dir=\"ltr\">4x400m masculino e feminino<\/p>\n<\/li>\n<li dir=\"ltr\">\n<p dir=\"ltr\">4x400m misto<\/p>\n<\/li>\n<li dir=\"ltr\">\n<p dir=\"ltr\">100m com barreiras feminino<\/p>\n<\/li>\n<li dir=\"ltr\">\n<p dir=\"ltr\">110m com barreira masculino<\/p>\n<\/li>\n<li dir=\"ltr\">\n<p dir=\"ltr\">400m com barreiras masculino e feminino<\/p>\n<\/li>\n<li dir=\"ltr\">\n<p dir=\"ltr\">800m masculino<\/p>\n<\/li>\n<li dir=\"ltr\">\n<p dir=\"ltr\">3 mil m com obst\u00e1culos masculino e feminino<\/p>\n<\/li>\n<li dir=\"ltr\">\n<p dir=\"ltr\">10 mil m marcha atl\u00e9tica masculino e feminino<\/p>\n<\/li>\n<li dir=\"ltr\">\n<p dir=\"ltr\">salto triplo feminino<\/p>\n<\/li>\n<li dir=\"ltr\">\n<p dir=\"ltr\">salto altura feminino<\/p>\n<\/li>\n<li dir=\"ltr\">\n<p dir=\"ltr\">dardo feminino<br \/>\nheptatlo feminino<\/p>\n<\/li>\n<\/ul>\n<p dir=\"ltr\">\n<span style=\"font-weight: 400;\"><\/p>\n<p>Fonte:\u00a0 Rede do Esporte <\/span><\/p>\n","protected":false},"excerpt":{"rendered":"<p>A cidade de Cali, na Col\u00f4mbia, recebe o Mundial de Atletismo Sub-20, de 1 a 6 de agosto. A delega\u00e7\u00e3o brasileira, composta por 37 atletas, sendo 19 mulheres e 18 homens, est\u00e1 com grandes expectativas de medalhas. Entre os nomes que v\u00e3o representar as cores do Brasil, Vanessa Sena, de 18 anos, e Gabriel Boza, [&hellip;]<\/p>\n","protected":false},"author":246,"featured_media":202493,"comment_status":"closed","ping_status":"closed","sticky":false,"template":"","format":"standard","meta":{"footnotes":""},"categories":[436,257,439],"tags":[],"class_list":["post-202492","post","type-post","status-publish","format-standard","has-post-thumbnail","hentry","category-destaque-da-semana","category-esporte","category-ultima-hora"],"_links":{"self":[{"href":"https:\/\/diarioregionaldigital.com.br\/index.php?rest_route=\/wp\/v2\/posts\/202492","targetHints":{"allow":["GET"]}}],"collection":[{"href":"https:\/\/diarioregionaldigital.com.br\/index.php?rest_route=\/wp\/v2\/posts"}],"about":[{"href":"https:\/\/diarioregionaldigital.com.br\/index.php?rest_route=\/wp\/v2\/types\/post"}],"author":[{"embeddable":true,"href":"https:\/\/diarioregionaldigital.com.br\/index.php?rest_route=\/wp\/v2\/users\/246"}],"replies":[{"embeddable":true,"href":"https:\/\/diarioregionaldigital.com.br\/index.php?rest_route=%2Fwp%2Fv2%2Fcomments&post=202492"}],"version-history":[{"count":1,"href":"https:\/\/diarioregionaldigital.com.br\/index.php?rest_route=\/wp\/v2\/posts\/202492\/revisions"}],"predecessor-version":[{"id":202494,"href":"https:\/\/diarioregionaldigital.com.br\/index.php?rest_route=\/wp\/v2\/posts\/202492\/revisions\/202494"}],"wp:featuredmedia":[{"embeddable":true,"href":"https:\/\/diarioregionaldigital.com.br\/index.php?rest_route=\/wp\/v2\/media\/202493"}],"wp:attachment":[{"href":"https:\/\/diarioregionaldigital.com.br\/index.php?rest_route=%2Fwp%2Fv2%2Fmedia&parent=202492"}],"wp:term":[{"taxonomy":"category","embeddable":true,"href":"https:\/\/diarioregionaldigital.com.br\/index.php?rest_route=%2Fwp%2Fv2%2Fcategories&post=202492"},{"taxonomy":"post_tag","embeddable":true,"href":"https:\/\/diarioregionaldigital.com.br\/index.php?rest_route=%2Fwp%2Fv2%2Ftags&post=202492"}],"curies":[{"name":"wp","href":"https:\/\/api.w.org\/{rel}","templated":true}]}}