{"id":202484,"date":"2022-08-02T20:12:03","date_gmt":"2022-08-02T23:12:03","guid":{"rendered":"https:\/\/diarioregionaldigital.com.br\/?p=202484"},"modified":"2022-08-02T20:12:03","modified_gmt":"2022-08-02T23:12:03","slug":"palmeiras-rescinde-contrato-com-o-zagueiro-renan","status":"publish","type":"post","link":"https:\/\/diarioregionaldigital.com.br\/?p=202484","title":{"rendered":"Palmeiras rescinde contrato com o zagueiro Renan"},"content":{"rendered":"<p>O Palmeiras rescindiu o contrato com o zagueiro Renan, que foi preso em flagrante no dia 22 de julho sob acusa\u00e7\u00e3o de atropelar e matar um motociclista de 38 anos de idade em um acidente de carro em Bragan\u00e7a Paulista.<img decoding=\"async\" src=\"https:\/\/agenciabrasil.ebc.com.br\/ebc.png?id=1474125&amp;o=node\" \/><img decoding=\"async\" src=\"https:\/\/agenciabrasil.ebc.com.br\/ebc.gif?id=1474125&amp;o=node\" \/><\/p>\n<p>O jogador de 20 anos estava emprestado at\u00e9 o final da temporada ao Bragantino, equipe que tamb\u00e9m encerrou o v\u00ednculo com Renan.<\/p>\n<p>A informa\u00e7\u00e3o foi confirmada pela assessoria do atleta nesta ter\u00e7a-feira (2): \u201cO atleta Renan, atrav\u00e9s de sua assessoria, informa que foi comunicado, na \u00faltima sexta-feira [29], da rescis\u00e3o do contrato pelo Red Bull Bragantino, bem como no s\u00e1bado [30] pela Sociedade Esportiva Palmeiras. O atleta est\u00e1 concentrado em sua defesa e na tentativa de retomar a sua carreira, e refuta qualquer descumprimento de contrato, tanto em rela\u00e7\u00e3o ao Red Bull, como em rela\u00e7\u00e3o ao Palmeiras\u201d.<\/p>\n<p>Um dia ap\u00f3s a pris\u00e3o, o Tribunal de Justi\u00e7a de S\u00e3o Paulo (TJSP) concedeu liberdade provis\u00f3ria ao zagueiro, mas com a condi\u00e7\u00e3o de o jogador pagar uma fian\u00e7a no valor de 200 sal\u00e1rios m\u00ednimos, em torno de R$ 242 mil.<\/p>\n<p>O acidente aconteceu na Rodovia Alkindar Monteiro Junqueira, no bairro Quinta da Baronesa, em Bragan\u00e7a Paulista (SP). Renan foi detido por homic\u00eddio culposo e passou a noite na cadeia p\u00fablica de Piracaia (SP), cidade vizinha. Na decis\u00e3o referente \u00e0 audi\u00eancia de cust\u00f3dia, foi informado que o zagueiro n\u00e3o possu\u00eda permiss\u00e3o para dirigir e estava conduzindo \u201csob a influ\u00eancia de \u00e1lcool\u201d. As imagens da trag\u00e9dia mostram que o defensor estava com o carro na contram\u00e3o.<\/p>\n<p><span style=\"font-weight: 400;\">Fonte: Ag\u00eancia Brasil <\/span><\/p>\n","protected":false},"excerpt":{"rendered":"<p>O Palmeiras rescindiu o contrato com o zagueiro Renan, que foi preso em flagrante no dia 22 de julho sob acusa\u00e7\u00e3o de atropelar e matar um motociclista de 38 anos de idade em um acidente de carro em Bragan\u00e7a Paulista. O jogador de 20 anos estava emprestado at\u00e9 o final da temporada ao Bragantino, equipe [&hellip;]<\/p>\n","protected":false},"author":246,"featured_media":202485,"comment_status":"closed","ping_status":"closed","sticky":false,"template":"","format":"standard","meta":{"footnotes":""},"categories":[436,257,439],"tags":[],"class_list":["post-202484","post","type-post","status-publish","format-standard","has-post-thumbnail","hentry","category-destaque-da-semana","category-esporte","category-ultima-hora"],"_links":{"self":[{"href":"https:\/\/diarioregionaldigital.com.br\/index.php?rest_route=\/wp\/v2\/posts\/202484","targetHints":{"allow":["GET"]}}],"collection":[{"href":"https:\/\/diarioregionaldigital.com.br\/index.php?rest_route=\/wp\/v2\/posts"}],"about":[{"href":"https:\/\/diarioregionaldigital.com.br\/index.php?rest_route=\/wp\/v2\/types\/post"}],"author":[{"embeddable":true,"href":"https:\/\/diarioregionaldigital.com.br\/index.php?rest_route=\/wp\/v2\/users\/246"}],"replies":[{"embeddable":true,"href":"https:\/\/diarioregionaldigital.com.br\/index.php?rest_route=%2Fwp%2Fv2%2Fcomments&post=202484"}],"version-history":[{"count":2,"href":"https:\/\/diarioregionaldigital.com.br\/index.php?rest_route=\/wp\/v2\/posts\/202484\/revisions"}],"predecessor-version":[{"id":202487,"href":"https:\/\/diarioregionaldigital.com.br\/index.php?rest_route=\/wp\/v2\/posts\/202484\/revisions\/202487"}],"wp:featuredmedia":[{"embeddable":true,"href":"https:\/\/diarioregionaldigital.com.br\/index.php?rest_route=\/wp\/v2\/media\/202485"}],"wp:attachment":[{"href":"https:\/\/diarioregionaldigital.com.br\/index.php?rest_route=%2Fwp%2Fv2%2Fmedia&parent=202484"}],"wp:term":[{"taxonomy":"category","embeddable":true,"href":"https:\/\/diarioregionaldigital.com.br\/index.php?rest_route=%2Fwp%2Fv2%2Fcategories&post=202484"},{"taxonomy":"post_tag","embeddable":true,"href":"https:\/\/diarioregionaldigital.com.br\/index.php?rest_route=%2Fwp%2Fv2%2Ftags&post=202484"}],"curies":[{"name":"wp","href":"https:\/\/api.w.org\/{rel}","templated":true}]}}