{"id":202481,"date":"2022-08-02T20:10:06","date_gmt":"2022-08-02T23:10:06","guid":{"rendered":"https:\/\/diarioregionaldigital.com.br\/?p=202481"},"modified":"2022-08-02T20:10:06","modified_gmt":"2022-08-02T23:10:06","slug":"comite-paralimpico-anuncia-modalidades-candidatas-aos-jogos-de-2028","status":"publish","type":"post","link":"https:\/\/diarioregionaldigital.com.br\/?p=202481","title":{"rendered":"Comit\u00ea Paral\u00edmpico anuncia modalidades candidatas aos Jogos de 2028"},"content":{"rendered":"<p>O Comit\u00ea Paral\u00edmpico Internacional (IPC, sigla em ingl\u00eas) anunciou\u00a0nesta\u00a0ter\u00e7a-feira (2) que 33 modalidades se candidataram para integrar o programa da Paralimp\u00edada de Los Angeles (Estados Unidos), em 2028. Segundo a entidade, trata-se de um n\u00famero recorde. A defini\u00e7\u00e3o dos esportes selecionados sair\u00e1 no fim\u00a0de janeiro\u00a0de 2023.<img decoding=\"async\" src=\"https:\/\/agenciabrasil.ebc.com.br\/ebc.png?id=1474085&amp;o=node\" \/><img decoding=\"async\" src=\"https:\/\/agenciabrasil.ebc.com.br\/ebc.gif?id=1474085&amp;o=node\" \/><\/p>\n<p>A rela\u00e7\u00e3o tem as 22 modalidades que estar\u00e3o nos Jogos de Paris (Fran\u00e7a), em 2024. As outras 11 s\u00e3o queda de bra\u00e7o, paraescalada, futebol de paralisados cerebrais (PC, antigo futebol de sete), golfe, carat\u00ea, dan\u00e7a, futebol em cadeira de rodas (tamb\u00e9m chamado\u00a0power soccer), vela, surfe, handebol em cadeira de rodas e v\u00f4lei sentado de praia. Duas delas (futebol de PC e vela)\u00a0buscam retornar\u00a0ao programa, ap\u00f3s o deixarem ap\u00f3s a edi\u00e7\u00e3o do Rio\u00a0de Janeiro, em 2016. As demais querem estrear no evento.<\/p>\n<p>&#8220;Receber um recorde de 33 candidaturas mostra a for\u00e7a crescente dos esportes no movimento paral\u00edmpico. Nossa meta \u00e9 formatar um programa competitivo e atraente, que mostre a diversidade do movimento. A Paralimp\u00edada \u00e9 o evento mais transformador do mundo e n\u00f3s acreditamos, firmemente, que Los Angeles 2028 ser\u00e1 um divisor de \u00e1guas em termos de conscientiza\u00e7\u00e3o, de perfil e de impacto&#8221;, declarou Collen Wrenn, oficial-chefe de Entrega dos Jogos, em comunicado do IPC.<\/p>\n<p>A Paralimp\u00edada de Los Angeles ser\u00e1 realizada entre 15 e\u00a027 de agosto\u00a0de 2028. Os Jogos de Paris, por sua vez, est\u00e3o confirmados entre\u00a028 de agosto\u00a0e\u00a08 de setembro\u00a0de 2024.<\/p>\n<p><span style=\"font-weight: 400;\"><br \/>\n<\/span><span style=\"font-weight: 400;\">Fonte: Ag\u00eancia Brasil\u00a0<\/span><span style=\"font-weight: 400;\"><br \/>\n<\/span><\/p>\n","protected":false},"excerpt":{"rendered":"<p>O Comit\u00ea Paral\u00edmpico Internacional (IPC, sigla em ingl\u00eas) anunciou\u00a0nesta\u00a0ter\u00e7a-feira (2) que 33 modalidades se candidataram para integrar o programa da Paralimp\u00edada de Los Angeles (Estados Unidos), em 2028. Segundo a entidade, trata-se de um n\u00famero recorde. A defini\u00e7\u00e3o dos esportes selecionados sair\u00e1 no fim\u00a0de janeiro\u00a0de 2023. A rela\u00e7\u00e3o tem as 22 modalidades que estar\u00e3o nos [&hellip;]<\/p>\n","protected":false},"author":246,"featured_media":202482,"comment_status":"closed","ping_status":"closed","sticky":false,"template":"","format":"standard","meta":{"footnotes":""},"categories":[436,440,257,439],"tags":[],"class_list":["post-202481","post","type-post","status-publish","format-standard","has-post-thumbnail","hentry","category-destaque-da-semana","category-destaques-do-dia","category-esporte","category-ultima-hora"],"_links":{"self":[{"href":"https:\/\/diarioregionaldigital.com.br\/index.php?rest_route=\/wp\/v2\/posts\/202481","targetHints":{"allow":["GET"]}}],"collection":[{"href":"https:\/\/diarioregionaldigital.com.br\/index.php?rest_route=\/wp\/v2\/posts"}],"about":[{"href":"https:\/\/diarioregionaldigital.com.br\/index.php?rest_route=\/wp\/v2\/types\/post"}],"author":[{"embeddable":true,"href":"https:\/\/diarioregionaldigital.com.br\/index.php?rest_route=\/wp\/v2\/users\/246"}],"replies":[{"embeddable":true,"href":"https:\/\/diarioregionaldigital.com.br\/index.php?rest_route=%2Fwp%2Fv2%2Fcomments&post=202481"}],"version-history":[{"count":1,"href":"https:\/\/diarioregionaldigital.com.br\/index.php?rest_route=\/wp\/v2\/posts\/202481\/revisions"}],"predecessor-version":[{"id":202483,"href":"https:\/\/diarioregionaldigital.com.br\/index.php?rest_route=\/wp\/v2\/posts\/202481\/revisions\/202483"}],"wp:featuredmedia":[{"embeddable":true,"href":"https:\/\/diarioregionaldigital.com.br\/index.php?rest_route=\/wp\/v2\/media\/202482"}],"wp:attachment":[{"href":"https:\/\/diarioregionaldigital.com.br\/index.php?rest_route=%2Fwp%2Fv2%2Fmedia&parent=202481"}],"wp:term":[{"taxonomy":"category","embeddable":true,"href":"https:\/\/diarioregionaldigital.com.br\/index.php?rest_route=%2Fwp%2Fv2%2Fcategories&post=202481"},{"taxonomy":"post_tag","embeddable":true,"href":"https:\/\/diarioregionaldigital.com.br\/index.php?rest_route=%2Fwp%2Fv2%2Ftags&post=202481"}],"curies":[{"name":"wp","href":"https:\/\/api.w.org\/{rel}","templated":true}]}}