{"id":202475,"date":"2022-08-02T20:02:13","date_gmt":"2022-08-02T23:02:13","guid":{"rendered":"https:\/\/diarioregionaldigital.com.br\/?p=202475"},"modified":"2022-08-02T20:02:13","modified_gmt":"2022-08-02T23:02:13","slug":"uniao-brasil-anuncia-soraya-thronicke-como-pre-candidata-a-presidencia","status":"publish","type":"post","link":"https:\/\/diarioregionaldigital.com.br\/?p=202475","title":{"rendered":"Uni\u00e3o Brasil anuncia Soraya Thronicke como pr\u00e9-candidata \u00e0 Presid\u00eancia"},"content":{"rendered":"<p>O Uni\u00e3o Brasil anunciou hoje (2) que a senadora Soraya Thronicke (MS) \u00e9 a pr\u00e9-candidata do partido \u00e0 Presid\u00eancia da Rep\u00fablica. O nome de Soraya, no entanto, dever\u00e1 ser confirmado em conven\u00e7\u00e3o nacional do partido. As conven\u00e7\u00f5es partid\u00e1rias para oficializar candidaturas devem ocorrer at\u00e9 o dia 5 de agosto.<img decoding=\"async\" src=\"https:\/\/agenciabrasil.ebc.com.br\/ebc.png?id=1474102&amp;o=node\" \/><img decoding=\"async\" src=\"https:\/\/agenciabrasil.ebc.com.br\/ebc.gif?id=1474102&amp;o=node\" \/><\/p>\n<p>A pr\u00e9-candidatura da senadora sul-mato-grossense\u00a0<a href=\"https:\/\/agenciabrasil.ebc.com.br\/politica\/noticia\/2022-07\/luciano-bivar-do-uniao-brasil-desiste-de-candidatura-presidencia\" target=\"_blank\" rel=\"noopener\">ocorre ap\u00f3s a desist\u00eancia<\/a>\u00a0do presidente do partido, deputado federal Luciano Bivar, de concorrer na elei\u00e7\u00e3o de 2 de outubro. \u201cResolvi voltar e permanecer na C\u00e2mara Federal\u201d, disse em discurso na conven\u00e7\u00e3o estadual do Uni\u00e3o Brasil, em Pernambuco, seu reduto eleitoral.<\/p>\n<p>Soraya Thronicke \u00e9 senadora de primeiro mandato, eleita em 2018 pelo PSL, ent\u00e3o partido do presidente Jair Bolsonaro. Ap\u00f3s o PSL se fundir com o Democratas, criando o Uni\u00e3o Brasil, parlamentares mais alinhados com Bolsonaro deixaram a legenda para se juntarem ao presidente no PL, mas Soraya continuou no partido, mostrando fidelidade a Bivar. Ela \u00e9 advogada e empres\u00e1ria.<\/p>\n<p><span style=\"font-weight: 400;\"><br \/>\n<\/span><span style=\"font-weight: 400;\">Fonte: Ag\u00eancia Brasil <\/span><\/p>\n","protected":false},"excerpt":{"rendered":"<p>O Uni\u00e3o Brasil anunciou hoje (2) que a senadora Soraya Thronicke (MS) \u00e9 a pr\u00e9-candidata do partido \u00e0 Presid\u00eancia da Rep\u00fablica. O nome de Soraya, no entanto, dever\u00e1 ser confirmado em conven\u00e7\u00e3o nacional do partido. As conven\u00e7\u00f5es partid\u00e1rias para oficializar candidaturas devem ocorrer at\u00e9 o dia 5 de agosto. A pr\u00e9-candidatura da senadora sul-mato-grossense\u00a0ocorre ap\u00f3s [&hellip;]<\/p>\n","protected":false},"author":246,"featured_media":202476,"comment_status":"closed","ping_status":"closed","sticky":false,"template":"","format":"standard","meta":{"footnotes":""},"categories":[436,254,439],"tags":[],"class_list":["post-202475","post","type-post","status-publish","format-standard","has-post-thumbnail","hentry","category-destaque-da-semana","category-politica","category-ultima-hora"],"_links":{"self":[{"href":"https:\/\/diarioregionaldigital.com.br\/index.php?rest_route=\/wp\/v2\/posts\/202475","targetHints":{"allow":["GET"]}}],"collection":[{"href":"https:\/\/diarioregionaldigital.com.br\/index.php?rest_route=\/wp\/v2\/posts"}],"about":[{"href":"https:\/\/diarioregionaldigital.com.br\/index.php?rest_route=\/wp\/v2\/types\/post"}],"author":[{"embeddable":true,"href":"https:\/\/diarioregionaldigital.com.br\/index.php?rest_route=\/wp\/v2\/users\/246"}],"replies":[{"embeddable":true,"href":"https:\/\/diarioregionaldigital.com.br\/index.php?rest_route=%2Fwp%2Fv2%2Fcomments&post=202475"}],"version-history":[{"count":1,"href":"https:\/\/diarioregionaldigital.com.br\/index.php?rest_route=\/wp\/v2\/posts\/202475\/revisions"}],"predecessor-version":[{"id":202477,"href":"https:\/\/diarioregionaldigital.com.br\/index.php?rest_route=\/wp\/v2\/posts\/202475\/revisions\/202477"}],"wp:featuredmedia":[{"embeddable":true,"href":"https:\/\/diarioregionaldigital.com.br\/index.php?rest_route=\/wp\/v2\/media\/202476"}],"wp:attachment":[{"href":"https:\/\/diarioregionaldigital.com.br\/index.php?rest_route=%2Fwp%2Fv2%2Fmedia&parent=202475"}],"wp:term":[{"taxonomy":"category","embeddable":true,"href":"https:\/\/diarioregionaldigital.com.br\/index.php?rest_route=%2Fwp%2Fv2%2Fcategories&post=202475"},{"taxonomy":"post_tag","embeddable":true,"href":"https:\/\/diarioregionaldigital.com.br\/index.php?rest_route=%2Fwp%2Fv2%2Ftags&post=202475"}],"curies":[{"name":"wp","href":"https:\/\/api.w.org\/{rel}","templated":true}]}}