{"id":202471,"date":"2022-08-02T20:00:44","date_gmt":"2022-08-02T23:00:44","guid":{"rendered":"https:\/\/diarioregionaldigital.com.br\/?p=202471"},"modified":"2022-08-02T20:00:44","modified_gmt":"2022-08-02T23:00:44","slug":"conselho-de-etica-pede-cassacao-do-mandato-de-gabriel-monteiro","status":"publish","type":"post","link":"https:\/\/diarioregionaldigital.com.br\/?p=202471","title":{"rendered":"Conselho de \u00c9tica pede cassa\u00e7\u00e3o do mandato de Gabriel Monteiro"},"content":{"rendered":"<p>O relat\u00f3rio final do Conselho de \u00c9tica da C\u00e2mara Municipal do Rio de Janeiro pede a perda do mandato parlamentar do vereador Gabriel Monteiro (PL). A apresenta\u00e7\u00e3o ocorreu nesta ter\u00e7a-feira (2), ap\u00f3s reuni\u00e3o dos membros, durante entrevista coletiva de imprensa.<img decoding=\"async\" src=\"https:\/\/agenciabrasil.ebc.com.br\/ebc.png?id=1474098&amp;o=node\" \/><img decoding=\"async\" src=\"https:\/\/agenciabrasil.ebc.com.br\/ebc.gif?id=1474098&amp;o=node\" \/><\/p>\n<p>O relator,\u00a0<a href=\"https:\/\/agenciabrasil.ebc.com.br\/politica\/noticia\/2022-06\/ha-contradicoes-diz-relator-de-processo-envolvendo-gabriel-monteiro\" target=\"_blank\" rel=\"noopener\">vereador Chico Alencar<\/a>\u00a0(Psol), salientou as qualidades requeridas de quem det\u00e9m mandato parlamentar, que n\u00e3o se coadunam com o comportamento de Gabriel Monteiro.<\/p>\n<p>\u201cExerc\u00edcio de mandato p\u00fablico \u00e9 respeito \u00e0 dignidade, sobretudo dos mais vulner\u00e1veis, e n\u00e3o postura de manipula\u00e7\u00e3o, arrog\u00e2ncia e mandonismo. Ter poder n\u00e3o \u00e9 abusar dele, nem vestir manto para abrigar desmandos\u201d, frisou o relator.<\/p>\n<h2>Relat\u00f3rio<\/h2>\n<p>Segundo o relat\u00f3rio apresentado, Gabriel Monteiro praticou, ou ordenou que se praticasse, atos deplor\u00e1veis e incompat\u00edveis com o decoro parlamentar. Entre esses, a filmagem de ato sexual com uma menor de idade, ent\u00e3o com 15 anos. Al\u00e9m disso, houve a exposi\u00e7\u00e3o vexat\u00f3ria de crian\u00e7as, por v\u00eddeos divulgados no canal do vereador, supostamente em situa\u00e7\u00e3o de necessidade de ajuda.<\/p>\n<p>Houve tamb\u00e9m exposi\u00e7\u00e3o vexat\u00f3ria e viol\u00eancia f\u00edsica de pessoas em situa\u00e7\u00e3o de rua, como a de um homem instado a\u00a0<a href=\"https:\/\/agenciabrasil.ebc.com.br\/geral\/noticia\/2022-06\/caso-gabriel-monteiro-delegado-diz-que-vereador-cometeu-crime\" target=\"_blank\" rel=\"noopener\">roubar a bolsa<\/a>\u00a0de uma mulher, na Lapa, e depois reprimido pela equipe do vereador, incluindo policiais militares.<\/p>\n<p>De acordo com o relat\u00f3rio, houve ainda ass\u00e9dio moral e sexual contra assessores, homens e mulheres, de seu mandato. Por fim, foram inclu\u00eddas no relat\u00f3rio den\u00fancias de estupro de quatro mulheres de sua equipe.<\/p>\n<h2>Defesa<\/h2>\n<p>A partir de agora, foi aberto prazo de cinco dias \u00fateis para apresenta\u00e7\u00e3o de alega\u00e7\u00f5es finais pela defesa do acusado. O parecer do relator ser\u00e1 submetido \u00e0 delibera\u00e7\u00e3o do Conselho de \u00c9tica em at\u00e9 cinco dias \u00fateis, considerando-se aprovado se obtiver a maioria absoluta dos votos dos seus integrantes.<\/p>\n<p>Conclu\u00edda a tramita\u00e7\u00e3o no Conselho, com parecer favor\u00e1vel \u00e0 representa\u00e7\u00e3o, o processo ser\u00e1 encaminhado \u00e0 Mesa Diretora e inclu\u00eddo na Ordem do Dia. A puni\u00e7\u00e3o \u00e9 deliberada em vota\u00e7\u00e3o aberta no Plen\u00e1rio, com direito a fala dos parlamentares e da defesa durante a sess\u00e3o, decidida por dois ter\u00e7os dos vereadores (34 votos) em caso de cassa\u00e7\u00e3o ou maioria absoluta em caso de suspens\u00e3o.<\/p>\n<p>Por\u00e9m, ainda que tenha cassado o mandato de vereador, Gabriel Monteiro poder\u00e1 acabar impune, inclusive na \u00e1rea criminal, pois dever\u00e1 concorrer a deputado federal, e caso seja eleito, as acusa\u00e7\u00f5es contra ele v\u00e3o esbarrar na prerrogativa de foro, o que poder\u00e1 retardar por anos o processo.<\/p>\n<p>Procurada, a assessoria de Gabriel Monteiro afirmou que sua defesa s\u00f3 vai se manifestar ap\u00f3s a an\u00e1lise do relat\u00f3rio.<\/p>\n<p><span style=\"font-weight: 400;\">Fonte: Ag\u00eancia Brasil <\/span><\/p>\n","protected":false},"excerpt":{"rendered":"<p>O relat\u00f3rio final do Conselho de \u00c9tica da C\u00e2mara Municipal do Rio de Janeiro pede a perda do mandato parlamentar do vereador Gabriel Monteiro (PL). A apresenta\u00e7\u00e3o ocorreu nesta ter\u00e7a-feira (2), ap\u00f3s reuni\u00e3o dos membros, durante entrevista coletiva de imprensa. O relator,\u00a0vereador Chico Alencar\u00a0(Psol), salientou as qualidades requeridas de quem det\u00e9m mandato parlamentar, que n\u00e3o [&hellip;]<\/p>\n","protected":false},"author":246,"featured_media":202473,"comment_status":"closed","ping_status":"closed","sticky":false,"template":"","format":"standard","meta":{"footnotes":""},"categories":[436,254,439],"tags":[],"class_list":["post-202471","post","type-post","status-publish","format-standard","has-post-thumbnail","hentry","category-destaque-da-semana","category-politica","category-ultima-hora"],"_links":{"self":[{"href":"https:\/\/diarioregionaldigital.com.br\/index.php?rest_route=\/wp\/v2\/posts\/202471","targetHints":{"allow":["GET"]}}],"collection":[{"href":"https:\/\/diarioregionaldigital.com.br\/index.php?rest_route=\/wp\/v2\/posts"}],"about":[{"href":"https:\/\/diarioregionaldigital.com.br\/index.php?rest_route=\/wp\/v2\/types\/post"}],"author":[{"embeddable":true,"href":"https:\/\/diarioregionaldigital.com.br\/index.php?rest_route=\/wp\/v2\/users\/246"}],"replies":[{"embeddable":true,"href":"https:\/\/diarioregionaldigital.com.br\/index.php?rest_route=%2Fwp%2Fv2%2Fcomments&post=202471"}],"version-history":[{"count":1,"href":"https:\/\/diarioregionaldigital.com.br\/index.php?rest_route=\/wp\/v2\/posts\/202471\/revisions"}],"predecessor-version":[{"id":202474,"href":"https:\/\/diarioregionaldigital.com.br\/index.php?rest_route=\/wp\/v2\/posts\/202471\/revisions\/202474"}],"wp:featuredmedia":[{"embeddable":true,"href":"https:\/\/diarioregionaldigital.com.br\/index.php?rest_route=\/wp\/v2\/media\/202473"}],"wp:attachment":[{"href":"https:\/\/diarioregionaldigital.com.br\/index.php?rest_route=%2Fwp%2Fv2%2Fmedia&parent=202471"}],"wp:term":[{"taxonomy":"category","embeddable":true,"href":"https:\/\/diarioregionaldigital.com.br\/index.php?rest_route=%2Fwp%2Fv2%2Fcategories&post=202471"},{"taxonomy":"post_tag","embeddable":true,"href":"https:\/\/diarioregionaldigital.com.br\/index.php?rest_route=%2Fwp%2Fv2%2Ftags&post=202471"}],"curies":[{"name":"wp","href":"https:\/\/api.w.org\/{rel}","templated":true}]}}