{"id":202468,"date":"2022-08-02T19:58:44","date_gmt":"2022-08-02T22:58:44","guid":{"rendered":"https:\/\/diarioregionaldigital.com.br\/?p=202468"},"modified":"2022-08-02T19:58:44","modified_gmt":"2022-08-02T22:58:44","slug":"senado-marca-votacao-de-autoridades-para-depois-das-eleicoes","status":"publish","type":"post","link":"https:\/\/diarioregionaldigital.com.br\/?p=202468","title":{"rendered":"Senado marca vota\u00e7\u00e3o de autoridades para depois das elei\u00e7\u00f5es"},"content":{"rendered":"<p>O presidente do Senado, Rodrigo Pacheco (PSD-MG), decidiu mobilizar os senadores para a vota\u00e7\u00e3o de autoridades apenas ap\u00f3s o primeiro turno das elei\u00e7\u00f5es, marcada para 2 de outubro. Este m\u00eas e setembro o Senado votar\u00e1, em sess\u00f5es semipresenciais, medidas provis\u00f3rias (MPs) e projetos de lei sugeridos pelas bancadas.<img decoding=\"async\" src=\"https:\/\/agenciabrasil.ebc.com.br\/ebc.png?id=1474099&amp;o=node\" \/><img decoding=\"async\" src=\"https:\/\/agenciabrasil.ebc.com.br\/ebc.gif?id=1474099&amp;o=node\" \/><\/p>\n<p>A vota\u00e7\u00e3o de autoridades ser\u00e1 presencial, com os senadores registrando o voto no sistema de vota\u00e7\u00e3o do plen\u00e1rio e em totens espalhados pelo Senado. J\u00e1 os projetos de lei e as MPs podem ser votados pelo sistema remoto.<\/p>\n<p>\u201cO Senado Federal realizar\u00e1 sess\u00f5es semipresenciais, nos meses de agosto e setembro, para aprecia\u00e7\u00e3o de medidas provis\u00f3rias e projetos de lei sugeridos pelas bancadas. J\u00e1 as sess\u00f5es presenciais, em regime de esfor\u00e7o concentrado para aprecia\u00e7\u00e3o de autoridades, conforme decis\u00e3o da maioria dos l\u00edderes, ficar\u00e3o para o per\u00edodo imediatamente ap\u00f3s as elei\u00e7\u00f5es de 2 de outubro, para se garantir qu\u00f3rum qualificado\u201d, informou Pacheco pelas redes sociais.<\/p>\n<p>Dentre as autoridades que esperam pela sua aprova\u00e7\u00e3o no Senado est\u00e3o os desembargadores federais Messod Azulay Neto e Paulo S\u00e9rgio Domingues,\u00a0<a href=\"https:\/\/agenciabrasil.ebc.com.br\/politica\/noticia\/2022-08\/presidente-indica-messod-azulay-neto-e-paulo-domingues-para-o-stj\" target=\"_blank\" rel=\"noopener\">indicados ontem (1\u00ba) pelo presidente da Rep\u00fablica<\/a>\u00a0para o Superior Tribunal de Justi\u00e7a (STJ).<\/p>\n<p>As medidas provis\u00f3rias s\u00e3o prioridade, pois t\u00eam prazo para serem votadas antes de perderem a validade. Amanh\u00e3 (3), por exemplo, tr\u00eas MPs podem ser votadas, a\u00a0<a href=\"http:\/\/http\/\/www.planalto.gov.br\/ccivil_03\/_Ato2019-2022\/2022\/Mpv\/mpv1108.htm\" target=\"_blank\" rel=\"noopener\">1.108\/2022<\/a>, que regulamenta o teletrabalho; a\u00a0<a href=\"http:\/\/www.planalto.gov.br\/ccivil_03\/_ato2019-2022\/2022\/Mpv\/mpv1109.htm\" target=\"_blank\" rel=\"noopener\">MP 1.109\/2022<\/a>, sobre ado\u00e7\u00e3o de regras trabalhistas diferenciadas em situa\u00e7\u00f5es de calamidade p\u00fablica, como o corte ou suspens\u00e3o tempor\u00e1ria dos sal\u00e1rios dos trabalhadores; e a\u00a0<a href=\"http:\/\/https\/\/in.gov.br\/en\/web\/dou\/-\/medida-provisoria-n-1.116-de-4-de-maio-de-2022-397571891\" target=\"_blank\" rel=\"noopener\">MP 1.116\/2022<\/a>, que institui o programa Emprega + Mulheres e Jovens, de incentivo \u00e0 inser\u00e7\u00e3o desse p\u00fablico no mercado de trabalho.<\/p>\n<p>As duas primeiras MPs perdem a validade nos pr\u00f3ximos dias. A MP do teletrabalho e a MP das regras trabalhistas diferenciadas vencem na pr\u00f3xima segunda-feira (8). J\u00e1 a MP 1.116\/2022 tem validade at\u00e9 o dia 14 de setembro.<\/p>\n<p>Rodrigo Pacheco se encontrou hoje com l\u00edderes partid\u00e1rios e ficou combinado que eles lhe entregar\u00e3o uma lista de projetos considerados priorit\u00e1rios para vota\u00e7\u00e3o na segunda semana de agosto.<\/p>\n<p>Dentre os projetos que podem constar da lista, est\u00e3o propostas que asseguram aos clientes de planos de sa\u00fade o acesso a procedimentos n\u00e3o previstos na lista da Ag\u00eancia Nacional de Sa\u00fade Suplementar (ANS), o chamado rol taxativo. A decis\u00e3o do Superior Tribunal de Justi\u00e7a (STJ), em junho,\u00a0<a href=\"https:\/\/agenciabrasil.ebc.com.br\/justica\/noticia\/2022-06\/stj-planos-nao-sao-obrigados-cobrir-condutas-fora-da-lista-da-ans\" target=\"_blank\" rel=\"noopener\">tirando a obriga\u00e7\u00e3o dos planos de sa\u00fade em cobrir determinados procedimentos<\/a>, movimentou os senadores para atuarem no sentido contr\u00e1rio.<\/p>\n<p><span style=\"font-weight: 400;\">Fonte: Ag\u00eancia Brasil <\/span><\/p>\n","protected":false},"excerpt":{"rendered":"<p>O presidente do Senado, Rodrigo Pacheco (PSD-MG), decidiu mobilizar os senadores para a vota\u00e7\u00e3o de autoridades apenas ap\u00f3s o primeiro turno das elei\u00e7\u00f5es, marcada para 2 de outubro. Este m\u00eas e setembro o Senado votar\u00e1, em sess\u00f5es semipresenciais, medidas provis\u00f3rias (MPs) e projetos de lei sugeridos pelas bancadas. A vota\u00e7\u00e3o de autoridades ser\u00e1 presencial, com [&hellip;]<\/p>\n","protected":false},"author":246,"featured_media":202469,"comment_status":"closed","ping_status":"closed","sticky":false,"template":"","format":"standard","meta":{"footnotes":""},"categories":[436,440,254,439],"tags":[],"class_list":["post-202468","post","type-post","status-publish","format-standard","has-post-thumbnail","hentry","category-destaque-da-semana","category-destaques-do-dia","category-politica","category-ultima-hora"],"_links":{"self":[{"href":"https:\/\/diarioregionaldigital.com.br\/index.php?rest_route=\/wp\/v2\/posts\/202468","targetHints":{"allow":["GET"]}}],"collection":[{"href":"https:\/\/diarioregionaldigital.com.br\/index.php?rest_route=\/wp\/v2\/posts"}],"about":[{"href":"https:\/\/diarioregionaldigital.com.br\/index.php?rest_route=\/wp\/v2\/types\/post"}],"author":[{"embeddable":true,"href":"https:\/\/diarioregionaldigital.com.br\/index.php?rest_route=\/wp\/v2\/users\/246"}],"replies":[{"embeddable":true,"href":"https:\/\/diarioregionaldigital.com.br\/index.php?rest_route=%2Fwp%2Fv2%2Fcomments&post=202468"}],"version-history":[{"count":2,"href":"https:\/\/diarioregionaldigital.com.br\/index.php?rest_route=\/wp\/v2\/posts\/202468\/revisions"}],"predecessor-version":[{"id":202472,"href":"https:\/\/diarioregionaldigital.com.br\/index.php?rest_route=\/wp\/v2\/posts\/202468\/revisions\/202472"}],"wp:featuredmedia":[{"embeddable":true,"href":"https:\/\/diarioregionaldigital.com.br\/index.php?rest_route=\/wp\/v2\/media\/202469"}],"wp:attachment":[{"href":"https:\/\/diarioregionaldigital.com.br\/index.php?rest_route=%2Fwp%2Fv2%2Fmedia&parent=202468"}],"wp:term":[{"taxonomy":"category","embeddable":true,"href":"https:\/\/diarioregionaldigital.com.br\/index.php?rest_route=%2Fwp%2Fv2%2Fcategories&post=202468"},{"taxonomy":"post_tag","embeddable":true,"href":"https:\/\/diarioregionaldigital.com.br\/index.php?rest_route=%2Fwp%2Fv2%2Ftags&post=202468"}],"curies":[{"name":"wp","href":"https:\/\/api.w.org\/{rel}","templated":true}]}}