{"id":202459,"date":"2022-08-02T19:52:49","date_gmt":"2022-08-02T22:52:49","guid":{"rendered":"https:\/\/diarioregionaldigital.com.br\/?p=202459"},"modified":"2022-08-02T19:52:49","modified_gmt":"2022-08-02T22:52:49","slug":"vendas-de-veiculos-novos-tem-leve-baixa-em-julho-segundo-fenabrave","status":"publish","type":"post","link":"https:\/\/diarioregionaldigital.com.br\/?p=202459","title":{"rendered":"Vendas de ve\u00edculos novos t\u00eam leve baixa em julho, segundo Fenabrave"},"content":{"rendered":"<p>As vendas de ve\u00edculos automotores novos sofreu uma leve queda no m\u00eas\u00a0de julho, quando foram comercializados 307.709 unidades: 0,5% a menos que o registrado no mesmo m\u00eas de 2021 e 2,61% inferior \u00e0s vendas\u00a0de junho\u00a0de 2022. No acumulado do ano (janeiro a julho), foram vendidas 1.958.945 unidades, 2,65% a menos do que registrado no mesmo per\u00edodo de 2021.<img decoding=\"async\" src=\"https:\/\/agenciabrasil.ebc.com.br\/ebc.png?id=1474082&amp;o=node\" \/><img decoding=\"async\" src=\"https:\/\/agenciabrasil.ebc.com.br\/ebc.gif?id=1474082&amp;o=node\" \/><\/p>\n<p>Os dados, divulgados\u00a0hoje\u00a0(2), s\u00e3o da Federa\u00e7\u00e3o Nacional da Distribui\u00e7\u00e3o de Ve\u00edculos Automotores (Fenabrave). S\u00e3o levadas em conta as vendas de autom\u00f3veis e comerciais leves, caminh\u00f5es, \u00f4nibus, motocicletas e implementos rodovi\u00e1rios.<\/p>\n<p>\u201cA queda pode ser explicada por um conjunto de fatores, como a menor oferta, especialmente, no segmento de duas rodas, devido a\u00a0problemas na produ\u00e7\u00e3o e pela maior restri\u00e7\u00e3o e aumento do custo de cr\u00e9dito, j\u00e1 que a inadimpl\u00eancia, nos financiamentos de ve\u00edculos, est\u00e1 em 4,5%\u201ddestacou o presidente da Fenabrave, Jos\u00e9 Maur\u00edcio Andreta J\u00fanior.<\/p>\n<p>As vendas de autom\u00f3veis e comerciais leves tiveram eleva\u00e7\u00e3o nas vendas em julho de 4,13% em rela\u00e7\u00e3o ao mesmo m\u00eas de 2021. Em compara\u00e7\u00e3o a junho de 2022, houve eleva\u00e7\u00e3o de 2,2%. J\u00e1 no acumulado do ano, at\u00e9 julho, foi registrada queda de 12,7% em rela\u00e7\u00e3o ao mesmo per\u00edodo de 2021.<\/p>\n<p>A expectativa da Fenabrave \u00e9 que, com a nova redu\u00e7\u00e3o do Imposto sobre Produtos Industrializados (IPI) para autom\u00f3veis \u2013 que passou de 18,5% (desde\u00a025 de fevereiro) para 24,75% (a partir de\u00a01 de agosto) \u2013 as vendas do segmento cres\u00e7am nos pr\u00f3ximos meses, podendo atingir uma eleva\u00e7\u00e3o de 4% no final do ano, em compara\u00e7\u00e3o a 2021.<\/p>\n<p><span style=\"font-weight: 400;\">Fonte: Ag\u00eancia Brasil\u00a0<\/span><span style=\"font-weight: 400;\"><br \/>\n<\/span><\/p>\n","protected":false},"excerpt":{"rendered":"<p>As vendas de ve\u00edculos automotores novos sofreu uma leve queda no m\u00eas\u00a0de julho, quando foram comercializados 307.709 unidades: 0,5% a menos que o registrado no mesmo m\u00eas de 2021 e 2,61% inferior \u00e0s vendas\u00a0de junho\u00a0de 2022. No acumulado do ano (janeiro a julho), foram vendidas 1.958.945 unidades, 2,65% a menos do que registrado no mesmo [&hellip;]<\/p>\n","protected":false},"author":246,"featured_media":202460,"comment_status":"closed","ping_status":"closed","sticky":false,"template":"","format":"standard","meta":{"footnotes":""},"categories":[436,261,439],"tags":[],"class_list":["post-202459","post","type-post","status-publish","format-standard","has-post-thumbnail","hentry","category-destaque-da-semana","category-economia","category-ultima-hora"],"_links":{"self":[{"href":"https:\/\/diarioregionaldigital.com.br\/index.php?rest_route=\/wp\/v2\/posts\/202459","targetHints":{"allow":["GET"]}}],"collection":[{"href":"https:\/\/diarioregionaldigital.com.br\/index.php?rest_route=\/wp\/v2\/posts"}],"about":[{"href":"https:\/\/diarioregionaldigital.com.br\/index.php?rest_route=\/wp\/v2\/types\/post"}],"author":[{"embeddable":true,"href":"https:\/\/diarioregionaldigital.com.br\/index.php?rest_route=\/wp\/v2\/users\/246"}],"replies":[{"embeddable":true,"href":"https:\/\/diarioregionaldigital.com.br\/index.php?rest_route=%2Fwp%2Fv2%2Fcomments&post=202459"}],"version-history":[{"count":2,"href":"https:\/\/diarioregionaldigital.com.br\/index.php?rest_route=\/wp\/v2\/posts\/202459\/revisions"}],"predecessor-version":[{"id":202462,"href":"https:\/\/diarioregionaldigital.com.br\/index.php?rest_route=\/wp\/v2\/posts\/202459\/revisions\/202462"}],"wp:featuredmedia":[{"embeddable":true,"href":"https:\/\/diarioregionaldigital.com.br\/index.php?rest_route=\/wp\/v2\/media\/202460"}],"wp:attachment":[{"href":"https:\/\/diarioregionaldigital.com.br\/index.php?rest_route=%2Fwp%2Fv2%2Fmedia&parent=202459"}],"wp:term":[{"taxonomy":"category","embeddable":true,"href":"https:\/\/diarioregionaldigital.com.br\/index.php?rest_route=%2Fwp%2Fv2%2Fcategories&post=202459"},{"taxonomy":"post_tag","embeddable":true,"href":"https:\/\/diarioregionaldigital.com.br\/index.php?rest_route=%2Fwp%2Fv2%2Ftags&post=202459"}],"curies":[{"name":"wp","href":"https:\/\/api.w.org\/{rel}","templated":true}]}}