{"id":202456,"date":"2022-08-02T19:50:14","date_gmt":"2022-08-02T22:50:14","guid":{"rendered":"https:\/\/diarioregionaldigital.com.br\/?p=202456"},"modified":"2022-08-02T19:50:14","modified_gmt":"2022-08-02T22:50:14","slug":"copom-inicia-quinta-reuniao-do-ano-para-definir-taxa-selic","status":"publish","type":"post","link":"https:\/\/diarioregionaldigital.com.br\/?p=202456","title":{"rendered":"Copom inicia quinta reuni\u00e3o do ano para definir taxa Selic"},"content":{"rendered":"<p>Em meio aos impactos de uma poss\u00edvel recess\u00e3o nos Estados Unidos e da evolu\u00e7\u00e3o da infla\u00e7\u00e3o ap\u00f3s a queda dos pre\u00e7os da gasolina no Brasil, o Comit\u00ea de Pol\u00edtica Monet\u00e1ria (Copom), do Banco Central (BC), inicia hoje (2), em Bras\u00edlia, a quinta reuni\u00e3o do ano para definir a taxa b\u00e1sica de juros, a Selic. Amanh\u00e3 (3), ao fim do dia, o Copom anunciar\u00e1 a decis\u00e3o.<img decoding=\"async\" src=\"https:\/\/agenciabrasil.ebc.com.br\/ebc.png?id=1473976&amp;o=node\" \/><img decoding=\"async\" src=\"https:\/\/agenciabrasil.ebc.com.br\/ebc.gif?id=1473976&amp;o=node\" \/><\/p>\n<p>Segundo a edi\u00e7\u00e3o mais recente do boletim Focus, pesquisa semanal com analistas de mercado,<a href=\"http:\/\/agenciabrasil.ebc.com.br\/economia\/noticia\/2022-08\/mercado-financeiro-reduz-projecao-da-inflacao-de-730-para-715\" target=\"_blank\" rel=\"noopener\">\u00a0a Selic dever\u00e1 passar de 13,25% para 13,75% ao ano<\/a>, com alta de 0,5 ponto percentual. Os analistas de mercado esperam que a taxa permane\u00e7a nesse n\u00edvel at\u00e9 o fim do ano.<\/p>\n<p>Na ata da \u00faltima reuni\u00e3o, os membros do Copom indicaram que pretendiam aumentar mais uma vez a taxa Selic em 0,5 ou 0,25 ponto percentual, mas deixaram aberta a possibilidade de promover novas altas caso a infla\u00e7\u00e3o persista.<\/p>\n<p>At\u00e9 maio, os comunicados do BC indicavam que a autoridade monet\u00e1ria pretendia encerrar o ciclo de eleva\u00e7\u00f5es em junho. No entanto, as altas al\u00e9m do previsto promovidas pelo Federal Reserve (Fed, Banco Central dos Estados Unidos) e do Banco Central Europeu adicionaram press\u00e3o sobre os juros brasileiros.<\/p>\n<p>Depois de altas nos \u00faltimos meses, as estimativas de infla\u00e7\u00e3o t\u00eam ca\u00eddo. A \u00faltima edi\u00e7\u00e3o do boletim Focus reduziu a previs\u00e3o de<a href=\"http:\/\/agenciabrasil.ebc.com.br\/economia\/noticia\/2022-08\/mercado-financeiro-reduz-projecao-da-inflacao-de-730-para-715\" target=\"_blank\" rel=\"noopener\">\u00a0infla\u00e7\u00e3o<\/a>\u00a0oficial pelo \u00cdndice Nacional de Pre\u00e7os ao Consumidor Amplo (IPCA) de\u00a07,3% para 7,15% neste ano. Em junho, as proje\u00e7\u00f5es para o IPCA chegaram a 9%.<\/p>\n<p>Embora a gasolina e a energia el\u00e9trica tenham ficado mais baratas nos \u00faltimos meses, a guerra entre R\u00fassia e Ucr\u00e2nia continua a impactar os pre\u00e7os do diesel, de fertilizantes e de outras mercadorias importadas. Al\u00e9m disso, a instabilidade na economia norte-americana, que enfrenta a maior infla\u00e7\u00e3o nos \u00faltimos 41 anos, provoca forte volatilidade na cota\u00e7\u00e3o do d\u00f3lar em todo o planeta.<\/p>\n<p><a href=\"http:\/\/agenciabrasil.ebc.com.br\/economia\/noticia\/2019-06\/cmn-fixa-em-35-meta-de-inflacao-para-2022\" target=\"_blank\" rel=\"noopener\">Para 2022, a meta de infla\u00e7\u00e3o<\/a>\u00a0que deve ser perseguida pelo BC, definida pelo Conselho Monet\u00e1rio Nacional, \u00e9 de 3,5%, com intervalo de toler\u00e2ncia de 1,5 ponto percentual para cima ou para baixo. Ou seja, o limite inferior \u00e9 2% e o superior, 5%. Os analistas consideram que o teto da meta ser\u00e1 estourado pelo segundo ano consecutivo.<\/p>\n<h2>Aperto monet\u00e1rio<\/h2>\n<p>Principal instrumento para o controle da infla\u00e7\u00e3o, a Selic continua em um ciclo de alta, depois de passar seis anos sem ser elevada. De julho de 2015 a outubro de 2016, a taxa permaneceu em 14,25% ao ano. Depois disso, o Copom voltou a reduzir os juros b\u00e1sicos da economia at\u00e9 que a taxa atingiu 6,5% ao ano em mar\u00e7o de 2018.<\/p>\n<p>Em julho de 2019, a Selic voltou a ser reduzida at\u00e9 chegar ao menor n\u00edvel da hist\u00f3ria em agosto de 2020, em 2% ao ano. Come\u00e7ou a subir novamente em mar\u00e7o do ano passado, tendo aumentado 11,25 pontos percentuais at\u00e9 agora.<\/p>\n<h2>Taxa Selic<\/h2>\n<p>A taxa b\u00e1sica de juros \u00e9 usada nas negocia\u00e7\u00f5es de t\u00edtulos p\u00fablicos emitidos pelo Tesouro Nacional no Sistema Especial de Liquida\u00e7\u00e3o e Cust\u00f3dia (Selic) e serve de refer\u00eancia para as demais taxas da economia. Ela \u00e9 o principal instrumento do Banco Central para manter a infla\u00e7\u00e3o sob controle.<\/p>\n<p>O BC atua diariamente por meio de opera\u00e7\u00f5es de mercado aberto \u2013 comprando e vendendo t\u00edtulos p\u00fablicos federais \u2013 para manter a taxa de juros pr\u00f3xima ao valor definido na reuni\u00e3o.<\/p>\n<p>Quando o Copom eleva a taxa b\u00e1sica de juros, ele pretende conter a demanda aquecida, causando reflexos nos pre\u00e7os porque os juros mais altos encarecem o cr\u00e9dito e estimulam a poupan\u00e7a. Desse modo, taxas mais altas seguram a atividade econ\u00f4mica.<\/p>\n<p>Ao reduzir a Selic, a tend\u00eancia \u00e9 de que o cr\u00e9dito fique mais barato, com incentivo \u00e0 produ\u00e7\u00e3o e ao consumo, reduzindo o controle da infla\u00e7\u00e3o e estimulando a atividade econ\u00f4mica.<\/p>\n<p>Entretanto, as taxas de juros do cr\u00e9dito n\u00e3o variam na mesma propor\u00e7\u00e3o da Selic, pois a Selic \u00e9 apenas uma parte do custo do cr\u00e9dito. Os bancos tamb\u00e9m consideram outros fatores na hora de definir os juros cobrados dos consumidores, como risco de inadimpl\u00eancia, lucro e despesas administrativas.<\/p>\n<p>O Copom re\u00fane-se a cada 45 dias. No primeiro dia do encontro, s\u00e3o feitas apresenta\u00e7\u00f5es t\u00e9cnicas sobre a evolu\u00e7\u00e3o e as perspectivas das economias brasileira e mundial e o comportamento do mercado financeiro. No segundo dia, os membros do Copom, formado pela diretoria do BC, analisam as possibilidades e definem a Selic.<\/p>\n<p><i> <span style=\"font-weight: 400;\">Fonte: Ag\u00eancia Brasil <\/span><\/i><\/p>\n","protected":false},"excerpt":{"rendered":"<p>Em meio aos impactos de uma poss\u00edvel recess\u00e3o nos Estados Unidos e da evolu\u00e7\u00e3o da infla\u00e7\u00e3o ap\u00f3s a queda dos pre\u00e7os da gasolina no Brasil, o Comit\u00ea de Pol\u00edtica Monet\u00e1ria (Copom), do Banco Central (BC), inicia hoje (2), em Bras\u00edlia, a quinta reuni\u00e3o do ano para definir a taxa b\u00e1sica de juros, a Selic. Amanh\u00e3 [&hellip;]<\/p>\n","protected":false},"author":246,"featured_media":202457,"comment_status":"closed","ping_status":"closed","sticky":false,"template":"","format":"standard","meta":{"footnotes":""},"categories":[436,261,439],"tags":[],"class_list":["post-202456","post","type-post","status-publish","format-standard","has-post-thumbnail","hentry","category-destaque-da-semana","category-economia","category-ultima-hora"],"_links":{"self":[{"href":"https:\/\/diarioregionaldigital.com.br\/index.php?rest_route=\/wp\/v2\/posts\/202456","targetHints":{"allow":["GET"]}}],"collection":[{"href":"https:\/\/diarioregionaldigital.com.br\/index.php?rest_route=\/wp\/v2\/posts"}],"about":[{"href":"https:\/\/diarioregionaldigital.com.br\/index.php?rest_route=\/wp\/v2\/types\/post"}],"author":[{"embeddable":true,"href":"https:\/\/diarioregionaldigital.com.br\/index.php?rest_route=\/wp\/v2\/users\/246"}],"replies":[{"embeddable":true,"href":"https:\/\/diarioregionaldigital.com.br\/index.php?rest_route=%2Fwp%2Fv2%2Fcomments&post=202456"}],"version-history":[{"count":1,"href":"https:\/\/diarioregionaldigital.com.br\/index.php?rest_route=\/wp\/v2\/posts\/202456\/revisions"}],"predecessor-version":[{"id":202458,"href":"https:\/\/diarioregionaldigital.com.br\/index.php?rest_route=\/wp\/v2\/posts\/202456\/revisions\/202458"}],"wp:featuredmedia":[{"embeddable":true,"href":"https:\/\/diarioregionaldigital.com.br\/index.php?rest_route=\/wp\/v2\/media\/202457"}],"wp:attachment":[{"href":"https:\/\/diarioregionaldigital.com.br\/index.php?rest_route=%2Fwp%2Fv2%2Fmedia&parent=202456"}],"wp:term":[{"taxonomy":"category","embeddable":true,"href":"https:\/\/diarioregionaldigital.com.br\/index.php?rest_route=%2Fwp%2Fv2%2Fcategories&post=202456"},{"taxonomy":"post_tag","embeddable":true,"href":"https:\/\/diarioregionaldigital.com.br\/index.php?rest_route=%2Fwp%2Fv2%2Ftags&post=202456"}],"curies":[{"name":"wp","href":"https:\/\/api.w.org\/{rel}","templated":true}]}}