{"id":202452,"date":"2022-08-02T19:48:14","date_gmt":"2022-08-02T22:48:14","guid":{"rendered":"https:\/\/diarioregionaldigital.com.br\/?p=202452"},"modified":"2022-08-02T19:48:14","modified_gmt":"2022-08-02T22:48:14","slug":"tensoes-entre-china-e-taiwan-elevam-dolar-para-r-527","status":"publish","type":"post","link":"https:\/\/diarioregionaldigital.com.br\/?p=202452","title":{"rendered":"Tens\u00f5es entre China e Taiwan elevam d\u00f3lar para R$ 5,27"},"content":{"rendered":"<p>O acirramento das tens\u00f5es pol\u00edticas entre China e Taiwan interrompeu a tr\u00e9gua dos \u00faltimos dias no mercado financeiro. O d\u00f3lar voltou a aproximar-se de R$ 5,30 e teve a maior alta di\u00e1ria em tr\u00eas semanas.<img decoding=\"async\" src=\"https:\/\/agenciabrasil.ebc.com.br\/ebc.png?id=1474122&amp;o=node\" \/><img decoding=\"async\" src=\"https:\/\/agenciabrasil.ebc.com.br\/ebc.gif?id=1474122&amp;o=node\" \/><\/p>\n<p>A bolsa de valores, em contrapartida, descolou-se do exterior e subiu mais de 1%, puxada pela valoriza\u00e7\u00e3o das\u00a0<em>commodities<\/em>\u00a0(bens prim\u00e1rios com cota\u00e7\u00e3o internacional).<\/p>\n<p>O d\u00f3lar comercial encerrou esta ter\u00e7a-feira (2) vendido a R$ 5,279, com alta de R$ 0,101 (+1,94%). A divisa come\u00e7ou o dia em leve alta, mas passou a disparar depois das 11h, quando foi confirmado que a presidente da C\u00e2mara de Representantes dos Estados Unidos, Nancy Pelosi,\u00a0<a href=\"https:\/\/agenciabrasil.ebc.com.br\/internacional\/noticia\/2022-08\/presidente-da-camara-dos-deputados-dos-eua-chega-taiwan\" target=\"_blank\" rel=\"noopener\">havia pousado em Taiwan<\/a>.<\/p>\n<p>A moeda norte-americana teve a maior alta para um dia, desde 11 de julho. A cota\u00e7\u00e3o est\u00e1 no maior n\u00edvel desde 26 de julho. Apesar da valoriza\u00e7\u00e3o de hoje, a divisa acumula queda de 5,33% em 2022.<\/p>\n<h2>Mercado financeiro<\/h2>\n<p>Ao contr\u00e1rio do c\u00e2mbio, o mercado de a\u00e7\u00f5es teve um dia menos tenso. Apesar de iniciar a sess\u00e3o em baixa, o \u00edndice Ibovespa, da B3, reagiu e fechou aos 103.362 pontos, com alta de 1,11%.<\/p>\n<p>A bolsa brasileira subiu mesmo com as bolsas norte-americanas em queda porque o pre\u00e7o das\u00a0<em>commodities<\/em>\u00a0subiu com os temores de um conflito entre China e Taiwan, o que beneficiou a\u00e7\u00f5es de mineradoras e de sider\u00fargicas. Um poss\u00edvel est\u00edmulo do Banco Central chin\u00eas ao setor de constru\u00e7\u00e3o civil beneficiou as cota\u00e7\u00f5es do ferro e do a\u00e7o.<\/p>\n<p>As a\u00e7\u00f5es de bancos tamb\u00e9m subiram na v\u00e9spera da reuni\u00e3o do Comit\u00ea de Pol\u00edtica Monet\u00e1ria (Copom) do Banco Central brasileiro. Segundo o\u00a0<em>boletim Focus<\/em>, pesquisa semanal do Banco Central com institui\u00e7\u00f5es financeiras, o Copom\u00a0<a href=\"https:\/\/agenciabrasil.ebc.com.br\/economia\/noticia\/2022-08\/mercado-financeiro-reduz-projecao-da-inflacao-de-730-para-715\" target=\"_blank\" rel=\"noopener\">deve elevar a taxa Selic<\/a>\u00a0(juros b\u00e1sicos da economia) de 13,25% para 13,75% ao ano.<\/p>\n<p><span style=\"font-weight: 400;\">Fonte: Ag\u00eancia Brasil <\/span><\/p>\n","protected":false},"excerpt":{"rendered":"<p>O acirramento das tens\u00f5es pol\u00edticas entre China e Taiwan interrompeu a tr\u00e9gua dos \u00faltimos dias no mercado financeiro. O d\u00f3lar voltou a aproximar-se de R$ 5,30 e teve a maior alta di\u00e1ria em tr\u00eas semanas. A bolsa de valores, em contrapartida, descolou-se do exterior e subiu mais de 1%, puxada pela valoriza\u00e7\u00e3o das\u00a0commodities\u00a0(bens prim\u00e1rios com [&hellip;]<\/p>\n","protected":false},"author":246,"featured_media":202453,"comment_status":"closed","ping_status":"closed","sticky":false,"template":"","format":"standard","meta":{"footnotes":""},"categories":[436,440,261,439],"tags":[],"class_list":["post-202452","post","type-post","status-publish","format-standard","has-post-thumbnail","hentry","category-destaque-da-semana","category-destaques-do-dia","category-economia","category-ultima-hora"],"_links":{"self":[{"href":"https:\/\/diarioregionaldigital.com.br\/index.php?rest_route=\/wp\/v2\/posts\/202452","targetHints":{"allow":["GET"]}}],"collection":[{"href":"https:\/\/diarioregionaldigital.com.br\/index.php?rest_route=\/wp\/v2\/posts"}],"about":[{"href":"https:\/\/diarioregionaldigital.com.br\/index.php?rest_route=\/wp\/v2\/types\/post"}],"author":[{"embeddable":true,"href":"https:\/\/diarioregionaldigital.com.br\/index.php?rest_route=\/wp\/v2\/users\/246"}],"replies":[{"embeddable":true,"href":"https:\/\/diarioregionaldigital.com.br\/index.php?rest_route=%2Fwp%2Fv2%2Fcomments&post=202452"}],"version-history":[{"count":2,"href":"https:\/\/diarioregionaldigital.com.br\/index.php?rest_route=\/wp\/v2\/posts\/202452\/revisions"}],"predecessor-version":[{"id":202455,"href":"https:\/\/diarioregionaldigital.com.br\/index.php?rest_route=\/wp\/v2\/posts\/202452\/revisions\/202455"}],"wp:featuredmedia":[{"embeddable":true,"href":"https:\/\/diarioregionaldigital.com.br\/index.php?rest_route=\/wp\/v2\/media\/202453"}],"wp:attachment":[{"href":"https:\/\/diarioregionaldigital.com.br\/index.php?rest_route=%2Fwp%2Fv2%2Fmedia&parent=202452"}],"wp:term":[{"taxonomy":"category","embeddable":true,"href":"https:\/\/diarioregionaldigital.com.br\/index.php?rest_route=%2Fwp%2Fv2%2Fcategories&post=202452"},{"taxonomy":"post_tag","embeddable":true,"href":"https:\/\/diarioregionaldigital.com.br\/index.php?rest_route=%2Fwp%2Fv2%2Ftags&post=202452"}],"curies":[{"name":"wp","href":"https:\/\/api.w.org\/{rel}","templated":true}]}}