{"id":202445,"date":"2022-08-01T16:38:57","date_gmt":"2022-08-01T19:38:57","guid":{"rendered":"https:\/\/diarioregionaldigital.com.br\/?p=202445"},"modified":"2022-08-01T16:38:57","modified_gmt":"2022-08-01T19:38:57","slug":"bairro-vila-ideal-recebe-nova-rede-para-reforcar-abastecimento-da-regiao-sudeste","status":"publish","type":"post","link":"https:\/\/diarioregionaldigital.com.br\/?p=202445","title":{"rendered":"Bairro Vila Ideal recebe nova rede para refor\u00e7ar abastecimento da Regi\u00e3o Sudeste"},"content":{"rendered":"<p><span style=\"font-weight: 400;\">A Prefeitura de Juiz de Fora (PJF) est\u00e1 trabalhando para refor\u00e7ar o abastecimento da Zona Sudeste do munic\u00edpio. Desde junho, equipes da Companhia de Saneamento Municipal (Cesama) est\u00e3o implantando na regi\u00e3o 3.900 metros de uma nova rede tronco, que utiliza tubula\u00e7\u00f5es de maior porte. A a\u00e7\u00e3o ir\u00e1 garantir mais \u00e1gua para o Vila Ideal, Olavo Costa, Santa Tereza e bairros pr\u00f3ximos, que ser\u00e3o abastecidos diretamente pela rede, al\u00e9m de seguir contando com a contribui\u00e7\u00e3o de outras tubula\u00e7\u00f5es auxiliares.<\/span><\/p>\n<p><span style=\"font-weight: 400;\">Segundo informa\u00e7\u00f5es do site da Prefeitura de Juiz de Fora (PJF), atualmente, os trabalhos est\u00e3o focados na Avenida Francisco Valadares, no Bairro Vila Ideal. Na via, est\u00e3o sendo implantados tubos de PVC, com 400 mil\u00edmetros de di\u00e2metro e, para a condu\u00e7\u00e3o dos servi\u00e7os, o tr\u00e2nsito na avenida est\u00e1 funcionando no sistema &#8220;pare e siga&#8221;, conforme a necessidade da obra. A previs\u00e3o \u00e9 de que a a\u00e7\u00e3o seja conclu\u00edda em mar\u00e7o de 2023, representando um investimento de mais de R$ 5,8 milh\u00f5es em saneamento b\u00e1sico.<br \/>\n<\/span><\/p>\n<p><span style=\"font-weight: 400;\">\u201cA nova rede partir\u00e1 da Avenida Brasil, na esquina com a Rua da Bahia, no Centro, passando pela Avenida Francisco Valadares e chegando at\u00e9 a ponte que corta o Rio Paraibuna na altura do Bairro Vila Ideal. Em fun\u00e7\u00e3o desse trajeto, n\u00e3o ser\u00e1 necess\u00e1rio utilizar esta\u00e7\u00f5es elevat\u00f3rias para bombear a \u00e1gua, pois ela poder\u00e1 ser conduzida por gravidade. Com isso, al\u00e9m dos benef\u00edcios para o abastecimento, a Cesama tamb\u00e9m ter\u00e1 uma economia significativa com energia el\u00e9trica\u201d, explicou o diretor de desenvolvimento e expans\u00e3o da companhia, Marcelo Mello do Amaral.<\/span><\/p>\n<p><span style=\"font-weight: 400;\">Outras informa\u00e7\u00f5es:<\/span><\/p>\n<p><span style=\"font-weight: 400;\">(32) 3692-9179 &#8211; Assessoria de Comunica\u00e7\u00e3o da Cesama<\/span><\/p>\n","protected":false},"excerpt":{"rendered":"<p>A Prefeitura de Juiz de Fora (PJF) est\u00e1 trabalhando para refor\u00e7ar o abastecimento da Zona Sudeste do munic\u00edpio. Desde junho, equipes da Companhia de Saneamento Municipal (Cesama) est\u00e3o implantando na regi\u00e3o 3.900 metros de uma nova rede tronco, que utiliza tubula\u00e7\u00f5es de maior porte. A a\u00e7\u00e3o ir\u00e1 garantir mais \u00e1gua para o Vila Ideal, Olavo [&hellip;]<\/p>\n","protected":false},"author":246,"featured_media":202446,"comment_status":"closed","ping_status":"closed","sticky":false,"template":"","format":"standard","meta":{"footnotes":""},"categories":[253,436,439],"tags":[],"class_list":["post-202445","post","type-post","status-publish","format-standard","has-post-thumbnail","hentry","category-cidade","category-destaque-da-semana","category-ultima-hora"],"_links":{"self":[{"href":"https:\/\/diarioregionaldigital.com.br\/index.php?rest_route=\/wp\/v2\/posts\/202445","targetHints":{"allow":["GET"]}}],"collection":[{"href":"https:\/\/diarioregionaldigital.com.br\/index.php?rest_route=\/wp\/v2\/posts"}],"about":[{"href":"https:\/\/diarioregionaldigital.com.br\/index.php?rest_route=\/wp\/v2\/types\/post"}],"author":[{"embeddable":true,"href":"https:\/\/diarioregionaldigital.com.br\/index.php?rest_route=\/wp\/v2\/users\/246"}],"replies":[{"embeddable":true,"href":"https:\/\/diarioregionaldigital.com.br\/index.php?rest_route=%2Fwp%2Fv2%2Fcomments&post=202445"}],"version-history":[{"count":1,"href":"https:\/\/diarioregionaldigital.com.br\/index.php?rest_route=\/wp\/v2\/posts\/202445\/revisions"}],"predecessor-version":[{"id":202447,"href":"https:\/\/diarioregionaldigital.com.br\/index.php?rest_route=\/wp\/v2\/posts\/202445\/revisions\/202447"}],"wp:featuredmedia":[{"embeddable":true,"href":"https:\/\/diarioregionaldigital.com.br\/index.php?rest_route=\/wp\/v2\/media\/202446"}],"wp:attachment":[{"href":"https:\/\/diarioregionaldigital.com.br\/index.php?rest_route=%2Fwp%2Fv2%2Fmedia&parent=202445"}],"wp:term":[{"taxonomy":"category","embeddable":true,"href":"https:\/\/diarioregionaldigital.com.br\/index.php?rest_route=%2Fwp%2Fv2%2Fcategories&post=202445"},{"taxonomy":"post_tag","embeddable":true,"href":"https:\/\/diarioregionaldigital.com.br\/index.php?rest_route=%2Fwp%2Fv2%2Ftags&post=202445"}],"curies":[{"name":"wp","href":"https:\/\/api.w.org\/{rel}","templated":true}]}}