{"id":202441,"date":"2022-08-01T16:36:52","date_gmt":"2022-08-01T19:36:52","guid":{"rendered":"https:\/\/diarioregionaldigital.com.br\/?p=202441"},"modified":"2022-08-01T16:36:52","modified_gmt":"2022-08-01T19:36:52","slug":"acesso-norte-e-13-bairros-sao-atendidos-pela-operacao-tapa-buracos-nesta-segunda-feira-1o","status":"publish","type":"post","link":"https:\/\/diarioregionaldigital.com.br\/?p=202441","title":{"rendered":"Acesso Norte e 13 bairros s\u00e3o atendidos pela opera\u00e7\u00e3o tapa-buracos nesta segunda-feira, 1\u00ba"},"content":{"rendered":"<p>Segundo informa\u00e7\u00f5es do site da Prefeitura de Juiz de Fora (PJF), o \u00a0m\u00eas de agosto come\u00e7ou com muitas interven\u00e7\u00f5es da opera\u00e7\u00e3o tapa-buracos em Juiz de Fora. Nesta segunda-feira, 1\u00ba, 13 bairros foram atendidos pelas equipes da Prefeitura de Juiz de Fora (PJF), incluindo o bairro Santa Rita, N. Sra. Aparecida e Bela Aurora, dando continuidade aos servi\u00e7os.<\/p>\n<p>&nbsp;<\/p>\n<p>As equipes tamb\u00e9m estiveram no Acesso Norte, uma das principais vias de acesso \u00e0 bairros como Benfica e Distrito Industrial, onde j\u00e1 \u00e9 poss\u00edvel notar as melhorias no asfalto.<\/p>\n<p>&nbsp;<\/p>\n<p>Veja abaixo a lista completa de bairros atendidos nesta segunda-feira, 1\u00ba:<\/p>\n<p>Santa Rita<\/p>\n<p>N. Sra. Aparecida<\/p>\n<p>Bandeirantes<\/p>\n<p>Cidade do Sol<\/p>\n<p>Encosta do Sol<\/p>\n<p>Bela Aurora<\/p>\n<p>Teixeiras<\/p>\n<p>Vila Ozanan<\/p>\n<p>Po\u00e7o Rico<\/p>\n<p>Costa Carvalho<\/p>\n<p>Nova Calif\u00f3rnia<\/p>\n<p>Linhares<\/p>\n<p>Vila Almeida<\/p>\n<p>&nbsp;<\/p>\n<p>Os trabalhos seguem em andamento em v\u00e1rios pontos da cidade e a programa\u00e7\u00e3o completa das atividades realizadas pela Empav pode ser acompanhada diariamente atrav\u00e9s da p\u00e1gina do Gabinete de A\u00e7\u00e3o e Di\u00e1logo Comunit\u00e1rio, pelo link.<\/p>\n<p>Todas as a\u00e7\u00f5es de reestrutura\u00e7\u00e3o, urbaniza\u00e7\u00e3o e zeladoria realizadas pela Empresa Municipal de Pavimenta\u00e7\u00e3o e Urbanidades (Empav) fazem parte do Programa Boniteza. Estes e outros servi\u00e7os podem ser solicitados atrav\u00e9s do Gabinete de A\u00e7\u00e3o e Di\u00e1logo Comunit\u00e1rio, que recebe e organiza pedidos relativos a interven\u00e7\u00f5es e melhorias urbanas. O contato pode ser feito por liga\u00e7\u00e3o telef\u00f4nica, pelo n\u00famero (32) 3690-7241 ou, ainda, via WhatsApp, utilizando o mesmo n\u00famero.<\/p>\n","protected":false},"excerpt":{"rendered":"<p>Segundo informa\u00e7\u00f5es do site da Prefeitura de Juiz de Fora (PJF), o \u00a0m\u00eas de agosto come\u00e7ou com muitas interven\u00e7\u00f5es da opera\u00e7\u00e3o tapa-buracos em Juiz de Fora. Nesta segunda-feira, 1\u00ba, 13 bairros foram atendidos pelas equipes da Prefeitura de Juiz de Fora (PJF), incluindo o bairro Santa Rita, N. Sra. Aparecida e Bela Aurora, dando continuidade [&hellip;]<\/p>\n","protected":false},"author":246,"featured_media":202442,"comment_status":"closed","ping_status":"closed","sticky":false,"template":"","format":"standard","meta":{"footnotes":""},"categories":[253,436,439],"tags":[],"class_list":["post-202441","post","type-post","status-publish","format-standard","has-post-thumbnail","hentry","category-cidade","category-destaque-da-semana","category-ultima-hora"],"_links":{"self":[{"href":"https:\/\/diarioregionaldigital.com.br\/index.php?rest_route=\/wp\/v2\/posts\/202441","targetHints":{"allow":["GET"]}}],"collection":[{"href":"https:\/\/diarioregionaldigital.com.br\/index.php?rest_route=\/wp\/v2\/posts"}],"about":[{"href":"https:\/\/diarioregionaldigital.com.br\/index.php?rest_route=\/wp\/v2\/types\/post"}],"author":[{"embeddable":true,"href":"https:\/\/diarioregionaldigital.com.br\/index.php?rest_route=\/wp\/v2\/users\/246"}],"replies":[{"embeddable":true,"href":"https:\/\/diarioregionaldigital.com.br\/index.php?rest_route=%2Fwp%2Fv2%2Fcomments&post=202441"}],"version-history":[{"count":2,"href":"https:\/\/diarioregionaldigital.com.br\/index.php?rest_route=\/wp\/v2\/posts\/202441\/revisions"}],"predecessor-version":[{"id":202444,"href":"https:\/\/diarioregionaldigital.com.br\/index.php?rest_route=\/wp\/v2\/posts\/202441\/revisions\/202444"}],"wp:featuredmedia":[{"embeddable":true,"href":"https:\/\/diarioregionaldigital.com.br\/index.php?rest_route=\/wp\/v2\/media\/202442"}],"wp:attachment":[{"href":"https:\/\/diarioregionaldigital.com.br\/index.php?rest_route=%2Fwp%2Fv2%2Fmedia&parent=202441"}],"wp:term":[{"taxonomy":"category","embeddable":true,"href":"https:\/\/diarioregionaldigital.com.br\/index.php?rest_route=%2Fwp%2Fv2%2Fcategories&post=202441"},{"taxonomy":"post_tag","embeddable":true,"href":"https:\/\/diarioregionaldigital.com.br\/index.php?rest_route=%2Fwp%2Fv2%2Ftags&post=202441"}],"curies":[{"name":"wp","href":"https:\/\/api.w.org\/{rel}","templated":true}]}}