{"id":202437,"date":"2022-08-01T16:34:28","date_gmt":"2022-08-01T19:34:28","guid":{"rendered":"https:\/\/diarioregionaldigital.com.br\/?p=202437"},"modified":"2022-08-01T16:34:56","modified_gmt":"2022-08-01T19:34:56","slug":"parque-municipal-bate-recorde-e-recebe-mais-de-15-mil-visitantes-no-mes-de-julho","status":"publish","type":"post","link":"https:\/\/diarioregionaldigital.com.br\/?p=202437","title":{"rendered":"Parque Municipal bate recorde e recebe mais de 15 mil visitantes no m\u00eas de julho"},"content":{"rendered":"<p>Segundo informa\u00e7\u00f5es do site da Prefeitura de Juiz de Fora (PJF), o Parque Municipal de Juiz de Fora registrou, em julho, o maior p\u00fablico mensal desde sua inaugura\u00e7\u00e3o, em outubro de 2021, com 15.394 visitantes. O n\u00famero recorde superou o m\u00eas de mar\u00e7o, quando 8.370 pessoas visitaram o local. Al\u00e9m do recorde mensal, o Parque tamb\u00e9m alcan\u00e7ou a expressiva marca total de 71.872 visitantes, em quase dez meses de funcionamento.<\/p>\n<p>Com as f\u00e9rias escolares, as fam\u00edlias e, principalmente, as crian\u00e7as, escolheram o Parque Municipal como destino perfeito para passear e se divertir. Com programa\u00e7\u00e3o extensa e para todas as idades, o espa\u00e7o foi um dos principais locais de visita\u00e7\u00e3o para quem buscava momentos de esporte e lazer, especialmente pela sua estrutura, com diversas quadras multiusos, campos de futebol, quiosques e churrasqueiras, al\u00e9m da fauna, flora e conex\u00e3o com a natureza.<\/p>\n<p>Uma das principais atra\u00e7\u00f5es foram as Visitas Guiadas, que aconteceram em todos os dias de funcionamento do parque, e levaram os visitantes a um lugar totalmente diferente do que se est\u00e1 acostumado na cidade. O Bosque do Parque Municipal \u00e9 um local de Mata Atl\u00e2ntica, recheado de atrativos, com animais silvestres como saguis e jacus, e tamb\u00e9m plantas e \u00e1rvores diferentes, como a jaqueira, que em seu tronco tem uma seiva vermelha, sucesso com as crian\u00e7as. Com visitas espont\u00e2neas di\u00e1rias e tamb\u00e9m as agendadas, em julho, 1.893 pessoas tiveram a oportunidade de conhecer o bosque, em que a entrada s\u00f3 \u00e9 permitida com guiamento dos profissionais de turismo.<\/p>\n<p>Mesmo em m\u00eas de f\u00e9rias escolares, os projetos do Parque Municipal n\u00e3o pararam. Os projetos \u201cCaminhada no Parque\u201d, \u201cFutebol Masculino e Feminino\u201d, \u201cFutsal\u201d, \u201cInicia\u00e7\u00e3o Esportiva\u201d, \u201cForma\u00e7\u00e3o de Goleiros\u201d, \u201cFutFit\u201d, \u201cGin\u00e1stica para Gestantes\u201d e \u201cHandebol\u201d t\u00eam, no total, 182 pessoas inscritas e, mesmo no m\u00eas de recesso escolar, continuaram comparecendo para as aulas no Parque Municipal.<\/p>\n<p>O mais novo projeto, Escape Parque, tamb\u00e9m teve um \u00f3timo n\u00famero de participantes. O Escape Parque \u00e9 uma adapta\u00e7\u00e3o do famoso \u201cEscape Room\u201d, uma atividade em grupo que tem como objetivo escapar de um local fechado. O jogo \u00e9 simples: voc\u00ea fica em uma sala trancada e tem que encontrar uma sa\u00edda resolvendo enigmas, em at\u00e9 60 minutos. Dez grupos, totalizando 54 pessoas, j\u00e1 tentaram escapar do local, todas sem sucesso. A agenda est\u00e1 praticamente lotada at\u00e9 o m\u00eas de outubro, mas segue aberta para novos grupos.<\/p>\n<p>Al\u00e9m dos projetos fixos do Parque Municipal, os eventos da programa\u00e7\u00e3o de f\u00e9rias tamb\u00e9m ajudaram ao n\u00famero recorde de visitantes. A oficina \u201cAprender com a Natureza\u201d, que aconteceu \u00e0s sextas-feiras de julho, teve 60 crian\u00e7as inscritas, que estavam acompanhadas dos respons\u00e1veis. Tamb\u00e9m teve durante o m\u00eas evento de ado\u00e7\u00e3o respons\u00e1vel do Canil Municipal, exposi\u00e7\u00e3o de animais empalhados da Pol\u00edcia Militar do Meio Ambiente e em parceria com a Funalfa, a Conta\u00e7\u00e3o de Est\u00f3rias e Brincadeiras Teatrais, com a Cl\u00e1udia Dalpra. Al\u00e9m destes eventos, o Arrai\u00e1 da cidade trouxe um grande p\u00fablico em julho.<br \/>\nO Parque Municipal est\u00e1 localizado na Rua do Contorno 8, no bairro Nova Calif\u00f3rnia, e funciona das 8h \u00e0s 17h, permitindo a entrada de visitantes at\u00e9 \u00e0s 16h. Para quem precisa do transporte p\u00fablico, as linhas que atendem o Parque s\u00e3o 520 (Aeroporto), 531 (Nova Calif\u00f3rnia) e 537 (Jardim da Serra), todos descritos no letreiro com \u201cVia Parque Municipal\u201d.<br \/>\n<strong>Outras Informa\u00e7\u00f5es:<\/strong><\/p>\n<p>(32) 3241-6532<\/p>\n<p>(32) 3690-3655<\/p>\n<p>Instagram: @parquemunicipaljf<\/p>\n","protected":false},"excerpt":{"rendered":"<p>Segundo informa\u00e7\u00f5es do site da Prefeitura de Juiz de Fora (PJF), o Parque Municipal de Juiz de Fora registrou, em julho, o maior p\u00fablico mensal desde sua inaugura\u00e7\u00e3o, em outubro de 2021, com 15.394 visitantes. O n\u00famero recorde superou o m\u00eas de mar\u00e7o, quando 8.370 pessoas visitaram o local. Al\u00e9m do recorde mensal, o Parque [&hellip;]<\/p>\n","protected":false},"author":246,"featured_media":202438,"comment_status":"closed","ping_status":"closed","sticky":false,"template":"","format":"standard","meta":{"footnotes":""},"categories":[253,436,439],"tags":[],"class_list":["post-202437","post","type-post","status-publish","format-standard","has-post-thumbnail","hentry","category-cidade","category-destaque-da-semana","category-ultima-hora"],"_links":{"self":[{"href":"https:\/\/diarioregionaldigital.com.br\/index.php?rest_route=\/wp\/v2\/posts\/202437","targetHints":{"allow":["GET"]}}],"collection":[{"href":"https:\/\/diarioregionaldigital.com.br\/index.php?rest_route=\/wp\/v2\/posts"}],"about":[{"href":"https:\/\/diarioregionaldigital.com.br\/index.php?rest_route=\/wp\/v2\/types\/post"}],"author":[{"embeddable":true,"href":"https:\/\/diarioregionaldigital.com.br\/index.php?rest_route=\/wp\/v2\/users\/246"}],"replies":[{"embeddable":true,"href":"https:\/\/diarioregionaldigital.com.br\/index.php?rest_route=%2Fwp%2Fv2%2Fcomments&post=202437"}],"version-history":[{"count":1,"href":"https:\/\/diarioregionaldigital.com.br\/index.php?rest_route=\/wp\/v2\/posts\/202437\/revisions"}],"predecessor-version":[{"id":202439,"href":"https:\/\/diarioregionaldigital.com.br\/index.php?rest_route=\/wp\/v2\/posts\/202437\/revisions\/202439"}],"wp:featuredmedia":[{"embeddable":true,"href":"https:\/\/diarioregionaldigital.com.br\/index.php?rest_route=\/wp\/v2\/media\/202438"}],"wp:attachment":[{"href":"https:\/\/diarioregionaldigital.com.br\/index.php?rest_route=%2Fwp%2Fv2%2Fmedia&parent=202437"}],"wp:term":[{"taxonomy":"category","embeddable":true,"href":"https:\/\/diarioregionaldigital.com.br\/index.php?rest_route=%2Fwp%2Fv2%2Fcategories&post=202437"},{"taxonomy":"post_tag","embeddable":true,"href":"https:\/\/diarioregionaldigital.com.br\/index.php?rest_route=%2Fwp%2Fv2%2Ftags&post=202437"}],"curies":[{"name":"wp","href":"https:\/\/api.w.org\/{rel}","templated":true}]}}