{"id":202433,"date":"2022-08-01T16:32:14","date_gmt":"2022-08-01T19:32:14","guid":{"rendered":"https:\/\/diarioregionaldigital.com.br\/?p=202433"},"modified":"2022-08-01T16:32:14","modified_gmt":"2022-08-01T19:32:14","slug":"juiz-de-fora-gerou-quase-2-mil-postos-de-trabalho-no-primeiro-semestre","status":"publish","type":"post","link":"https:\/\/diarioregionaldigital.com.br\/?p=202433","title":{"rendered":"Juiz de Fora gerou quase 2 mil postos de trabalho no primeiro semestre"},"content":{"rendered":"<p>Segundo informa\u00e7\u00f5es do site da Prefeitura de Juiz de Fora (PJF), a cidade de Juiz de Fora registrou o saldo positivo de 251 empregos gerados em junho de 2022, diferen\u00e7a entre 4926 admiss\u00f5es e 4675 desligamentos realizados no m\u00eas.\u00a0O dado \u00e9 do Cadastro Geral de Empregados e Desempregados (Caged), divulgado na \u00faltima semana pelo Minist\u00e9rio da Economia. No primeiro semestre do ano, foram criados 1.936 novos postos de trabalho na cidade.<\/p>\n<p>Em junho, o resultado positivo foi impulsionado pelo setor de Servi\u00e7os, que gerou 242 empregos, a maior parte de trabalhadores das \u00e1reas de Servi\u00e7os de Escrit\u00f3rio, Apoio Administrativo e Outros servi\u00e7os prestados a empresas (50 postos). A Ind\u00fastria tamb\u00e9m obteve o saldo positivo de 53 postos gerados. J\u00e1 no Com\u00e9rcio, Agropecu\u00e1ria e Constru\u00e7\u00e3o Civil, os desligamentos superaram as contrata\u00e7\u00f5es em -32, -9 e -3 postos.<\/p>\n<p>No saldo do ano, a maioria dos empregos gerados s\u00e3o do setor de Servi\u00e7os (2153), seguido pela Constru\u00e7\u00e3o Civil (277). Com\u00e9rcio, Ind\u00fastria e Agropecu\u00e1ria apresentam saldos negativos de -270, -180 e -44, respectivamente.<\/p>\n<p>Do saldo gerado de janeiro a junho, 1053 postos foram ocupados por mulheres e 883 por homens. Um total de 1365 profissionais empregados possuem Ensino M\u00e9dio completo, e 1580 encontram-se na faixa dos 18 a 24 anos.<\/p>\n<p>Para o secret\u00e1rio de Desenvolvimento Sustent\u00e1vel e Inclusivo, da Inova\u00e7\u00e3o e Competitividade, Ignacio Delgado, o desempenho de Juiz de Fora \u00e9 coerente com a natureza da sua estrutura produtiva, fortemente impactada pelo setor de servi\u00e7os. \u201c\u00c9 preciso, contudo, que a partir desse diagn\u00f3stico possamos converter aquilo que \u00e9 potencial em fator de desenvolvimento e gera\u00e7\u00e3o de renda e oportunidades de ocupa\u00e7\u00e3o para as pessoas. \u00c9 o que procuramos fazer com as a\u00e7\u00f5es para tornar Juiz de Fora polo internacional de economia criativa, o esfor\u00e7o de aproxima\u00e7\u00e3o das nossas institui\u00e7\u00f5es de pesquisa com o setor produtivo, com o prop\u00f3sito de acentuar as atividades intensivas em tecnologia, de modo a poder transformar a estrutura produtiva de Juiz de Fora, tornando maiores e melhores as oportunidades de ocupa\u00e7\u00e3o para as pessoas que aqui vivem\u201d.<\/p>\n<p><strong>Minas e Brasil<\/strong><\/p>\n<p>Em junho, Minas Gerais registrou a gera\u00e7\u00e3o de 31.092 empregos, e o total de v\u00ednculos celetistas chegou a 4.447.261. J\u00e1 no Brasil, o resultado no m\u00eas foi de 277.944 novos postos. O estoque \u00e9 de 42.013.146.<\/p>\n","protected":false},"excerpt":{"rendered":"<p>Segundo informa\u00e7\u00f5es do site da Prefeitura de Juiz de Fora (PJF), a cidade de Juiz de Fora registrou o saldo positivo de 251 empregos gerados em junho de 2022, diferen\u00e7a entre 4926 admiss\u00f5es e 4675 desligamentos realizados no m\u00eas.\u00a0O dado \u00e9 do Cadastro Geral de Empregados e Desempregados (Caged), divulgado na \u00faltima semana pelo Minist\u00e9rio [&hellip;]<\/p>\n","protected":false},"author":246,"featured_media":202434,"comment_status":"closed","ping_status":"closed","sticky":false,"template":"","format":"standard","meta":{"footnotes":""},"categories":[253,436,440,439],"tags":[],"class_list":["post-202433","post","type-post","status-publish","format-standard","has-post-thumbnail","hentry","category-cidade","category-destaque-da-semana","category-destaques-do-dia","category-ultima-hora"],"_links":{"self":[{"href":"https:\/\/diarioregionaldigital.com.br\/index.php?rest_route=\/wp\/v2\/posts\/202433","targetHints":{"allow":["GET"]}}],"collection":[{"href":"https:\/\/diarioregionaldigital.com.br\/index.php?rest_route=\/wp\/v2\/posts"}],"about":[{"href":"https:\/\/diarioregionaldigital.com.br\/index.php?rest_route=\/wp\/v2\/types\/post"}],"author":[{"embeddable":true,"href":"https:\/\/diarioregionaldigital.com.br\/index.php?rest_route=\/wp\/v2\/users\/246"}],"replies":[{"embeddable":true,"href":"https:\/\/diarioregionaldigital.com.br\/index.php?rest_route=%2Fwp%2Fv2%2Fcomments&post=202433"}],"version-history":[{"count":2,"href":"https:\/\/diarioregionaldigital.com.br\/index.php?rest_route=\/wp\/v2\/posts\/202433\/revisions"}],"predecessor-version":[{"id":202436,"href":"https:\/\/diarioregionaldigital.com.br\/index.php?rest_route=\/wp\/v2\/posts\/202433\/revisions\/202436"}],"wp:featuredmedia":[{"embeddable":true,"href":"https:\/\/diarioregionaldigital.com.br\/index.php?rest_route=\/wp\/v2\/media\/202434"}],"wp:attachment":[{"href":"https:\/\/diarioregionaldigital.com.br\/index.php?rest_route=%2Fwp%2Fv2%2Fmedia&parent=202433"}],"wp:term":[{"taxonomy":"category","embeddable":true,"href":"https:\/\/diarioregionaldigital.com.br\/index.php?rest_route=%2Fwp%2Fv2%2Fcategories&post=202433"},{"taxonomy":"post_tag","embeddable":true,"href":"https:\/\/diarioregionaldigital.com.br\/index.php?rest_route=%2Fwp%2Fv2%2Ftags&post=202433"}],"curies":[{"name":"wp","href":"https:\/\/api.w.org\/{rel}","templated":true}]}}