{"id":202430,"date":"2022-08-01T16:26:38","date_gmt":"2022-08-01T19:26:38","guid":{"rendered":"https:\/\/diarioregionaldigital.com.br\/?p=202430"},"modified":"2022-08-01T16:26:38","modified_gmt":"2022-08-01T19:26:38","slug":"formula-1-verstappen-vence-na-hungria-e-segue-lider-da-temporada","status":"publish","type":"post","link":"https:\/\/diarioregionaldigital.com.br\/?p=202430","title":{"rendered":"F\u00f3rmula 1: Verstappen vence na Hungria e segue l\u00edder da temporada"},"content":{"rendered":"<p>O holand\u00eas Max Verstappen, da RBR, venceu o GP da Hungria na manh\u00e3 deste\u00a0domingo\u00a0(31),\u00a0em Hungaroring. L\u00edder do Mundial, o europeu chegou \u00e0 oitava vit\u00f3ria e aos 258 pontos, abrindo 80 sobre o vice-l\u00edder Charles Leclerc, da Ferrari, que acabou a prova apenas em sexto.<img decoding=\"async\" src=\"https:\/\/agenciabrasil.ebc.com.br\/ebc.png?id=1473751&amp;o=node\" \/><img decoding=\"async\" src=\"https:\/\/agenciabrasil.ebc.com.br\/ebc.gif?id=1473751&amp;o=node\" \/><\/p>\n<p>O vencedor do dia largou em d\u00e9cimo lugar, rodou sozinho na volta 42, mas conseguiu se recuperar, contando tamb\u00e9m com o bom trabalho da equipe que antecipou as paradas, principalmente em rela\u00e7\u00e3o \u00e0 Ferrari.<\/p>\n<p>O segundo lugar da prova deste\u00a0domingo\u00a0ficou com Lewis Hamilton. Ele saiu da s\u00e9tima posi\u00e7\u00e3o para alcan\u00e7ar o quinto p\u00f3dio consecutivo. O brit\u00e2nico \u00e9 o sexto colocado da temporada com 146 pontos.<\/p>\n<p>Apesar de\u00a0ter\u00a0come\u00e7ado a corrida na pole position, George Russell acabou perdendo duas posi\u00e7\u00f5es e fechou o p\u00f3dio em terceiro. Atualmente, o brit\u00e2nico, compatriota e companheiro de equipe do heptacampe\u00e3o Hamilton, \u00e9 o quarto no Mundial de pilotos com 158 pontos.<\/p>\n<p>A RBR segue na lideran\u00e7a do Mundial de construtores com 431 pontos. A Ferrari \u00e9 a\u00a0segunda\u00a0com 334 e a Mercedes, com 304, \u00e9 a terceira.<\/p>\n<p>A pr\u00f3xima prova da F1 vai ocorrer apenas em\u00a028 de agosto\u00a0com o GP da B\u00e9lgica, no Circuito de Spa-Francorchamps, a 14\u00aa etapa do campeonato.<\/p>\n<p><span style=\"font-weight: 400;\">Fonte: Ag\u00eancia Brasil <\/span><\/p>\n","protected":false},"excerpt":{"rendered":"<p>O holand\u00eas Max Verstappen, da RBR, venceu o GP da Hungria na manh\u00e3 deste\u00a0domingo\u00a0(31),\u00a0em Hungaroring. L\u00edder do Mundial, o europeu chegou \u00e0 oitava vit\u00f3ria e aos 258 pontos, abrindo 80 sobre o vice-l\u00edder Charles Leclerc, da Ferrari, que acabou a prova apenas em sexto. O vencedor do dia largou em d\u00e9cimo lugar, rodou sozinho na [&hellip;]<\/p>\n","protected":false},"author":246,"featured_media":202431,"comment_status":"closed","ping_status":"closed","sticky":false,"template":"","format":"standard","meta":{"footnotes":""},"categories":[436,257,439],"tags":[],"class_list":["post-202430","post","type-post","status-publish","format-standard","has-post-thumbnail","hentry","category-destaque-da-semana","category-esporte","category-ultima-hora"],"_links":{"self":[{"href":"https:\/\/diarioregionaldigital.com.br\/index.php?rest_route=\/wp\/v2\/posts\/202430","targetHints":{"allow":["GET"]}}],"collection":[{"href":"https:\/\/diarioregionaldigital.com.br\/index.php?rest_route=\/wp\/v2\/posts"}],"about":[{"href":"https:\/\/diarioregionaldigital.com.br\/index.php?rest_route=\/wp\/v2\/types\/post"}],"author":[{"embeddable":true,"href":"https:\/\/diarioregionaldigital.com.br\/index.php?rest_route=\/wp\/v2\/users\/246"}],"replies":[{"embeddable":true,"href":"https:\/\/diarioregionaldigital.com.br\/index.php?rest_route=%2Fwp%2Fv2%2Fcomments&post=202430"}],"version-history":[{"count":1,"href":"https:\/\/diarioregionaldigital.com.br\/index.php?rest_route=\/wp\/v2\/posts\/202430\/revisions"}],"predecessor-version":[{"id":202432,"href":"https:\/\/diarioregionaldigital.com.br\/index.php?rest_route=\/wp\/v2\/posts\/202430\/revisions\/202432"}],"wp:featuredmedia":[{"embeddable":true,"href":"https:\/\/diarioregionaldigital.com.br\/index.php?rest_route=\/wp\/v2\/media\/202431"}],"wp:attachment":[{"href":"https:\/\/diarioregionaldigital.com.br\/index.php?rest_route=%2Fwp%2Fv2%2Fmedia&parent=202430"}],"wp:term":[{"taxonomy":"category","embeddable":true,"href":"https:\/\/diarioregionaldigital.com.br\/index.php?rest_route=%2Fwp%2Fv2%2Fcategories&post=202430"},{"taxonomy":"post_tag","embeddable":true,"href":"https:\/\/diarioregionaldigital.com.br\/index.php?rest_route=%2Fwp%2Fv2%2Ftags&post=202430"}],"curies":[{"name":"wp","href":"https:\/\/api.w.org\/{rel}","templated":true}]}}