{"id":202426,"date":"2022-08-01T16:25:07","date_gmt":"2022-08-01T19:25:07","guid":{"rendered":"https:\/\/diarioregionaldigital.com.br\/?p=202426"},"modified":"2022-08-01T16:25:07","modified_gmt":"2022-08-01T19:25:07","slug":"lais-nunes-e-campea-do-torneio-internacional-da-romenia-de-wrestling","status":"publish","type":"post","link":"https:\/\/diarioregionaldigital.com.br\/?p=202426","title":{"rendered":"La\u00eds Nunes \u00e9 campe\u00e3 do Torneio Internacional da Rom\u00eania de Wrestling"},"content":{"rendered":"<p>\u201cA cada competi\u00e7\u00e3o sinto que consigo melhorar um pouco mais e acredito que essa maturidade est\u00e1 vindo torneio ap\u00f3s torneio&#8221;, afirmou La\u00eds, que estreou na sexta com vit\u00f3rias nas quartas sobre a francesa Iris Thibeaux, 10 a 0, e na semifinal sobre a campe\u00e3 mundial da categoria 59kg, Bilyana Dudova, por 2 a 1.<\/p>\n<p>Atual n\u00famero 3 do ranking mundial da divis\u00e3o de peso que estar\u00e1 presente nos Jogos de Paris 2024, La\u00eds conquistou a terceira medalha em tr\u00eas torneios internacionais em julho. Al\u00e9m do ouro na Rom\u00eania e da prata na Tun\u00edsia, a atleta terminou o Aberto da Pol\u00f4nia em terceiro. Agora, ela se prepara para a Copa Brasil \u2013 Campeonato Brasileiro Interclubes de Wrestling, que acontece dia 12\/8, no Distrito Federal. A lutadora precisa vencer a categoria 62kg para confirmar vaga nos Jogos Sul-Americanos de Assun\u00e7\u00e3o, em outubro, no Paraguai.<\/p>\n<p>&#8220;No total, fiz nove lutas em tr\u00eas torneios contra as principais atletas da categoria. As medalhas s\u00e3o importantes, mas lutar contra diferentes estilos de luta e aperfei\u00e7oar o jogo nessa fase de prepara\u00e7\u00e3o para o Mundial \u00e9 muito proveitoso. Vamos em busca das pr\u00f3ximas conquistas&#8221;, disse La\u00eds, atleta ol\u00edmpica nos Jogos do Rio 2016 e T\u00f3quio 2020.<\/p>\n<p>Fonte: Confedera\u00e7\u00e3o Brasileira de Wrestling<\/p>\n","protected":false},"excerpt":{"rendered":"<p>\u201cA cada competi\u00e7\u00e3o sinto que consigo melhorar um pouco mais e acredito que essa maturidade est\u00e1 vindo torneio ap\u00f3s torneio&#8221;, afirmou La\u00eds, que estreou na sexta com vit\u00f3rias nas quartas sobre a francesa Iris Thibeaux, 10 a 0, e na semifinal sobre a campe\u00e3 mundial da categoria 59kg, Bilyana Dudova, por 2 a 1. Atual [&hellip;]<\/p>\n","protected":false},"author":246,"featured_media":202427,"comment_status":"closed","ping_status":"closed","sticky":false,"template":"","format":"standard","meta":{"footnotes":""},"categories":[436,257,439],"tags":[],"class_list":["post-202426","post","type-post","status-publish","format-standard","has-post-thumbnail","hentry","category-destaque-da-semana","category-esporte","category-ultima-hora"],"_links":{"self":[{"href":"https:\/\/diarioregionaldigital.com.br\/index.php?rest_route=\/wp\/v2\/posts\/202426","targetHints":{"allow":["GET"]}}],"collection":[{"href":"https:\/\/diarioregionaldigital.com.br\/index.php?rest_route=\/wp\/v2\/posts"}],"about":[{"href":"https:\/\/diarioregionaldigital.com.br\/index.php?rest_route=\/wp\/v2\/types\/post"}],"author":[{"embeddable":true,"href":"https:\/\/diarioregionaldigital.com.br\/index.php?rest_route=\/wp\/v2\/users\/246"}],"replies":[{"embeddable":true,"href":"https:\/\/diarioregionaldigital.com.br\/index.php?rest_route=%2Fwp%2Fv2%2Fcomments&post=202426"}],"version-history":[{"count":2,"href":"https:\/\/diarioregionaldigital.com.br\/index.php?rest_route=\/wp\/v2\/posts\/202426\/revisions"}],"predecessor-version":[{"id":202429,"href":"https:\/\/diarioregionaldigital.com.br\/index.php?rest_route=\/wp\/v2\/posts\/202426\/revisions\/202429"}],"wp:featuredmedia":[{"embeddable":true,"href":"https:\/\/diarioregionaldigital.com.br\/index.php?rest_route=\/wp\/v2\/media\/202427"}],"wp:attachment":[{"href":"https:\/\/diarioregionaldigital.com.br\/index.php?rest_route=%2Fwp%2Fv2%2Fmedia&parent=202426"}],"wp:term":[{"taxonomy":"category","embeddable":true,"href":"https:\/\/diarioregionaldigital.com.br\/index.php?rest_route=%2Fwp%2Fv2%2Fcategories&post=202426"},{"taxonomy":"post_tag","embeddable":true,"href":"https:\/\/diarioregionaldigital.com.br\/index.php?rest_route=%2Fwp%2Fv2%2Ftags&post=202426"}],"curies":[{"name":"wp","href":"https:\/\/api.w.org\/{rel}","templated":true}]}}