{"id":202419,"date":"2022-08-01T16:14:27","date_gmt":"2022-08-01T19:14:27","guid":{"rendered":"https:\/\/diarioregionaldigital.com.br\/?p=202419"},"modified":"2022-08-01T16:14:27","modified_gmt":"2022-08-01T19:14:27","slug":"pstu-oficializa-vera-lucia-como-candidata-a-presidencia-da-republica","status":"publish","type":"post","link":"https:\/\/diarioregionaldigital.com.br\/?p=202419","title":{"rendered":"PSTU oficializa Vera L\u00facia como candidata \u00e0 Presid\u00eancia da Rep\u00fablica"},"content":{"rendered":"<p>O Partido Socialista dos Trabalhadores Unificado (PSTU) oficializou\u00a0hoje\u00a0(31), em conven\u00e7\u00e3o nacional, na capital paulista, o nome da oper\u00e1ria sapateira Vera L\u00facia como candidata \u00e0 Presid\u00eancia da Rep\u00fablica nas elei\u00e7\u00f5es\u00a0de outubro. O partido tamb\u00e9m referendou o nome da ind\u00edgena Kun\u00e3 Ypor\u00e3 (Raquel Trememb\u00e9), da etnia Trememb\u00e9, do Maranh\u00e3o, como candidata a vice-presidente.<img decoding=\"async\" src=\"https:\/\/agenciabrasil.ebc.com.br\/ebc.png?id=1473769&amp;o=node\" \/><img decoding=\"async\" src=\"https:\/\/agenciabrasil.ebc.com.br\/ebc.gif?id=1473769&amp;o=node\" \/><\/p>\n<p>Durante seu discurso Vera L\u00facia defendeu a estatiza\u00e7\u00e3o das 110 maiores empresas do pa\u00eds, os bancos e a agroind\u00fastria, al\u00e9m da revoga\u00e7\u00e3o das reformas e leis que retiraram direitos dos trabalhadores. Segundo ela, a chapa composta por ela e Raquel Trememb\u00e9, \u00e9 uma chapa ind\u00edgena, negra e oper\u00e1ria, que responde aos setores mais oprimidos da classe trabalhadora brasileira.<\/p>\n<p>&#8220;N\u00f3s somos a maioria dos desempregados e precisamos construir um governo e, ao mesmo tempo, organizar a classe trabalhadora para controlar esse governo. N\u00f3s queremos governar o pa\u00eds com a classe trabalhadora e os ind\u00edgenas, porque precisamos devolver suas terras, assim como precisamos devolver as terras dos quilombolas e os direitos que foram conquistados por n\u00f3s&#8221;, afirmou.<\/p>\n<h2>Perfil<\/h2>\n<p>Kun\u00e3 Ypor\u00e3 (Raquel Trememb\u00e9) tem 39 anos de idade, \u00e9 ind\u00edgena da etnia Trememb\u00e9, do estado do Maranh\u00e3o, e \u00e9 pedagoga. \u00c9 integrante da Associa\u00e7\u00e3o de Mulheres Ind\u00edgenas Guerreiras da Ancestralidade (Anmiga) e membro da Secretaria Executiva Nacional da CSP-Conlutas. Kun\u00e3 Ypor\u00e3 (Raquel Trememb\u00e9) \u00e9 parte atuante das mobiliza\u00e7\u00f5es dos povos ind\u00edgenas na oposi\u00e7\u00e3o ao governo atual.<\/p>\n<p>Vera L\u00facia, tem 54 anos e \u00e9 natural de Inaj\u00e1, Pernambuco. Oper\u00e1ria sapateira, \u00e9 formada em ci\u00eancias sociais pela Universidade Federal de Sergipe. Iniciou sua milit\u00e2ncia ao come\u00e7ar a trabalhar em uma f\u00e1brica de cal\u00e7ados, aos 19 anos. Est\u00e1 no PSTU desde a sua funda\u00e7\u00e3o, em 1994.<\/p>\n<p>Vera j\u00e1 foi candidata ao governo de Sergipe, \u00e0 prefeitura de Aracaju e \u00e0 C\u00e2mara dos Deputados. Em 2018, foi candidata \u00e0 presid\u00eancia da Rep\u00fablica e teve como vice o professor Hertz Dias, do Maranh\u00e3o. Em 2020, Vera foi a primeira mulher negra a disputar a\u00a0prefeitura de S\u00e3o Paulo (SP), cidade onde mora atualmente.<\/p>\n<p><span style=\"font-weight: 400;\">Fonte: Ag\u00eancia Brasil\u00a0<\/span><span style=\"font-weight: 400;\"><br \/>\n<\/span><\/p>\n","protected":false},"excerpt":{"rendered":"<p>O Partido Socialista dos Trabalhadores Unificado (PSTU) oficializou\u00a0hoje\u00a0(31), em conven\u00e7\u00e3o nacional, na capital paulista, o nome da oper\u00e1ria sapateira Vera L\u00facia como candidata \u00e0 Presid\u00eancia da Rep\u00fablica nas elei\u00e7\u00f5es\u00a0de outubro. O partido tamb\u00e9m referendou o nome da ind\u00edgena Kun\u00e3 Ypor\u00e3 (Raquel Trememb\u00e9), da etnia Trememb\u00e9, do Maranh\u00e3o, como candidata a vice-presidente. Durante seu discurso Vera [&hellip;]<\/p>\n","protected":false},"author":246,"featured_media":202420,"comment_status":"closed","ping_status":"closed","sticky":false,"template":"","format":"standard","meta":{"footnotes":""},"categories":[436,254,439],"tags":[],"class_list":["post-202419","post","type-post","status-publish","format-standard","has-post-thumbnail","hentry","category-destaque-da-semana","category-politica","category-ultima-hora"],"_links":{"self":[{"href":"https:\/\/diarioregionaldigital.com.br\/index.php?rest_route=\/wp\/v2\/posts\/202419","targetHints":{"allow":["GET"]}}],"collection":[{"href":"https:\/\/diarioregionaldigital.com.br\/index.php?rest_route=\/wp\/v2\/posts"}],"about":[{"href":"https:\/\/diarioregionaldigital.com.br\/index.php?rest_route=\/wp\/v2\/types\/post"}],"author":[{"embeddable":true,"href":"https:\/\/diarioregionaldigital.com.br\/index.php?rest_route=\/wp\/v2\/users\/246"}],"replies":[{"embeddable":true,"href":"https:\/\/diarioregionaldigital.com.br\/index.php?rest_route=%2Fwp%2Fv2%2Fcomments&post=202419"}],"version-history":[{"count":1,"href":"https:\/\/diarioregionaldigital.com.br\/index.php?rest_route=\/wp\/v2\/posts\/202419\/revisions"}],"predecessor-version":[{"id":202421,"href":"https:\/\/diarioregionaldigital.com.br\/index.php?rest_route=\/wp\/v2\/posts\/202419\/revisions\/202421"}],"wp:featuredmedia":[{"embeddable":true,"href":"https:\/\/diarioregionaldigital.com.br\/index.php?rest_route=\/wp\/v2\/media\/202420"}],"wp:attachment":[{"href":"https:\/\/diarioregionaldigital.com.br\/index.php?rest_route=%2Fwp%2Fv2%2Fmedia&parent=202419"}],"wp:term":[{"taxonomy":"category","embeddable":true,"href":"https:\/\/diarioregionaldigital.com.br\/index.php?rest_route=%2Fwp%2Fv2%2Fcategories&post=202419"},{"taxonomy":"post_tag","embeddable":true,"href":"https:\/\/diarioregionaldigital.com.br\/index.php?rest_route=%2Fwp%2Fv2%2Ftags&post=202419"}],"curies":[{"name":"wp","href":"https:\/\/api.w.org\/{rel}","templated":true}]}}