{"id":202416,"date":"2022-08-01T16:12:45","date_gmt":"2022-08-01T19:12:45","guid":{"rendered":"https:\/\/diarioregionaldigital.com.br\/?p=202416"},"modified":"2022-08-01T16:12:45","modified_gmt":"2022-08-01T19:12:45","slug":"pros-oficializa-candidatura-de-pablo-marcal-a-presidencia","status":"publish","type":"post","link":"https:\/\/diarioregionaldigital.com.br\/?p=202416","title":{"rendered":"Pros oficializa candidatura de Pablo Mar\u00e7al \u00e0 Presid\u00eancia"},"content":{"rendered":"<p>O Partido Republicano da Ordem Social (Pros) oficializou, hoje (31), a candidatura do empres\u00e1rio e influenciador digital Pablo Mar\u00e7al \u00e0 Presid\u00eancia da Rep\u00fablica. N\u00e3o ocorreu an\u00fancio do nome do vice.<img decoding=\"async\" src=\"https:\/\/agenciabrasil.ebc.com.br\/ebc.png?id=1473756&amp;o=node\" \/><img decoding=\"async\" src=\"https:\/\/agenciabrasil.ebc.com.br\/ebc.gif?id=1473756&amp;o=node\" \/><\/p>\n<p>A confirma\u00e7\u00e3o do nome de Mar\u00e7al, que destacou que \u00e9 crist\u00e3o, ocorreu em meio a hinos de louvor; discursos de membros da diretoria nacional do Pros e gritos de &#8220;eu acredito&#8221;. O evento serviu tamb\u00e9m para que o partido pedisse que as pessoas votem tamb\u00e9m nos candidatos a cargos proporcionais da legenda &#8211; que, pela primeira vez, tenta chegar \u00e0 presid\u00eancia da Rep\u00fablica. Em todo o pa\u00eds, mais de 1,5 mil filiados ao Pros disputar\u00e3o os votos dos eleitores brasileiros nas pr\u00f3ximas elei\u00e7\u00f5es, em 2 de outubro.<\/p>\n<p>&#8220;As polariza\u00e7\u00f5es nunca v\u00e3o acabar. Elas t\u00eam que ser perfuradas&#8221;, disse Mar\u00e7al sobre uma de suas motiva\u00e7\u00f5es para ingressar na pol\u00edtica. Classificando a si pr\u00f3prio como &#8220;o candidato de terceira via que ningu\u00e9m tem a coragem de assumir&#8221;, Mar\u00e7al diz j\u00e1 ter um plano de governo com 90 diretrizes. Entre suas prioridades est\u00e1 a mudan\u00e7a das regras tribut\u00e1rias e eleitorais. &#8220;N\u00e3o se faz uma reforma tribut\u00e1ria se n\u00e3o fizer uma eleitoral primeiro&#8221;, comentou Mar\u00e7al, prometendo que, se eleito, estimular\u00e1 as empresas e as exporta\u00e7\u00f5es brasileiras.<\/p>\n<p>&#8220;Temos que focar absolutamente nas empresas, pois s\u00e3o elas que geram empregos, n\u00e3o [o setor] pol\u00edtico&#8221;, ponderou Mar\u00e7al, antes de se posicionar favoravelmente \u00e0 &#8220;desestatiza\u00e7\u00e3o&#8221; da Petrobras e da Eletrobras. &#8220;Se voc\u00ea desestatiza uma companhia e a entrega a grupos empresariais, eu mesmo quero ser o primeiro da fila a compr\u00e1-la. Porque a Petrobras, por exemplo, \u00e9 a companhia energ\u00e9tica que d\u00e1 o maior lucro em todo o mundo&#8221;.<\/p>\n<p>Mar\u00e7al tamb\u00e9m afirma que, se eleito, vai estimular \u00e0 participa\u00e7\u00e3o pol\u00edtica dos cidad\u00e3os e defender o direito do feto \u00e0 vida. &#8220;Vamos fazer uma pequena mudan\u00e7a no C\u00f3digo Penal e aborto passar\u00e1 a ser chamado de assassinato de vida inocente&#8221;, disse, declarando, contudo, que \u00e9 favor\u00e1vel \u00e0 manuten\u00e7\u00e3o dos caso em que a lei permite o aborto (em casos da gesta\u00e7\u00e3o ser resultado de estupro ou ofere\u00e7a risco de vida \u00e0 mulher).<\/p>\n<h2>Perfil<\/h2>\n<p>Esta \u00e9 a primeira vez que Mar\u00e7al disputa a um cargo p\u00fablico. Bacharel em Direito e empres\u00e1rio, o goiano de 35 anos \u00e9 casado e tem quatro filhos. Ele \u00e9 conhecido como autor de livros de &#8220;auto gest\u00e3o&#8221; e por palestras e v\u00eddeos motivacionais. Em sua p\u00e1gina na internet, ele tamb\u00e9m se apresenta como empreendedor imobili\u00e1rio e digital, estrategista de neg\u00f3cios e especialista em gest\u00e3o de marcas (<em>branding<\/em>).<\/p>\n<p><span style=\"font-weight: 400;\">Fonte: Ag\u00eancia Brasil <\/span><\/p>\n","protected":false},"excerpt":{"rendered":"<p>O Partido Republicano da Ordem Social (Pros) oficializou, hoje (31), a candidatura do empres\u00e1rio e influenciador digital Pablo Mar\u00e7al \u00e0 Presid\u00eancia da Rep\u00fablica. N\u00e3o ocorreu an\u00fancio do nome do vice. A confirma\u00e7\u00e3o do nome de Mar\u00e7al, que destacou que \u00e9 crist\u00e3o, ocorreu em meio a hinos de louvor; discursos de membros da diretoria nacional do [&hellip;]<\/p>\n","protected":false},"author":246,"featured_media":202417,"comment_status":"closed","ping_status":"closed","sticky":false,"template":"","format":"standard","meta":{"footnotes":""},"categories":[436,254,439],"tags":[],"class_list":["post-202416","post","type-post","status-publish","format-standard","has-post-thumbnail","hentry","category-destaque-da-semana","category-politica","category-ultima-hora"],"_links":{"self":[{"href":"https:\/\/diarioregionaldigital.com.br\/index.php?rest_route=\/wp\/v2\/posts\/202416","targetHints":{"allow":["GET"]}}],"collection":[{"href":"https:\/\/diarioregionaldigital.com.br\/index.php?rest_route=\/wp\/v2\/posts"}],"about":[{"href":"https:\/\/diarioregionaldigital.com.br\/index.php?rest_route=\/wp\/v2\/types\/post"}],"author":[{"embeddable":true,"href":"https:\/\/diarioregionaldigital.com.br\/index.php?rest_route=\/wp\/v2\/users\/246"}],"replies":[{"embeddable":true,"href":"https:\/\/diarioregionaldigital.com.br\/index.php?rest_route=%2Fwp%2Fv2%2Fcomments&post=202416"}],"version-history":[{"count":1,"href":"https:\/\/diarioregionaldigital.com.br\/index.php?rest_route=\/wp\/v2\/posts\/202416\/revisions"}],"predecessor-version":[{"id":202418,"href":"https:\/\/diarioregionaldigital.com.br\/index.php?rest_route=\/wp\/v2\/posts\/202416\/revisions\/202418"}],"wp:featuredmedia":[{"embeddable":true,"href":"https:\/\/diarioregionaldigital.com.br\/index.php?rest_route=\/wp\/v2\/media\/202417"}],"wp:attachment":[{"href":"https:\/\/diarioregionaldigital.com.br\/index.php?rest_route=%2Fwp%2Fv2%2Fmedia&parent=202416"}],"wp:term":[{"taxonomy":"category","embeddable":true,"href":"https:\/\/diarioregionaldigital.com.br\/index.php?rest_route=%2Fwp%2Fv2%2Fcategories&post=202416"},{"taxonomy":"post_tag","embeddable":true,"href":"https:\/\/diarioregionaldigital.com.br\/index.php?rest_route=%2Fwp%2Fv2%2Ftags&post=202416"}],"curies":[{"name":"wp","href":"https:\/\/api.w.org\/{rel}","templated":true}]}}