{"id":202412,"date":"2022-08-01T16:10:46","date_gmt":"2022-08-01T19:10:46","guid":{"rendered":"https:\/\/diarioregionaldigital.com.br\/?p=202412"},"modified":"2022-08-01T16:10:46","modified_gmt":"2022-08-01T19:10:46","slug":"luciano-bivar-do-uniao-brasil-desiste-de-candidatura-a-presidencia","status":"publish","type":"post","link":"https:\/\/diarioregionaldigital.com.br\/?p=202412","title":{"rendered":"Luciano Bivar, do Uni\u00e3o Brasil, desiste de candidatura \u00e0 Presid\u00eancia"},"content":{"rendered":"<p>O presidente nacional do partido Uni\u00e3o Brasil e deputado federal, Luciano Bivar, desistiu da candidatura \u00e0 Presid\u00eancia da Rep\u00fablica. Ele anunciou\u00a0hoje\u00a0(31) a decis\u00e3o durante conven\u00e7\u00e3o da legenda no Recife, sua cidade\u00a0natal.<img decoding=\"async\" src=\"https:\/\/agenciabrasil.ebc.com.br\/ebc.png?id=1473772&amp;o=node\" \/><img decoding=\"async\" src=\"https:\/\/agenciabrasil.ebc.com.br\/ebc.gif?id=1473772&amp;o=node\" \/><\/p>\n<p>&#8220;Resolvi voltar e permanecer na C\u00e2mara Federal&#8221;, disse em seu discurso. Ele sinalizou, no entanto, que a legenda deve\u00a0ter\u00a0candidato pr\u00f3prio. Setores do Uni\u00e3o Brasil defendem que o melhor nome para substituir Bivar \u00e9 o da senadora pelo Mato Grosso do Sul, Soraya Thronicke.<\/p>\n<p>No evento no\u00a0Recife, o Uni\u00e3o Brasil oficializou a candidatura de Miguel Coelho ao governo de Pernambuco. Ele \u00e9 ex-prefeito de Petrolina (PE). &#8220;Temos orgulho de tudo que fizemos por Petrolina e estamos prontos para fazer muito mais por Pernambuco&#8221;, postou nas redes sociais o candidato.<\/p>\n<p><span style=\"font-weight: 400;\"><br \/>\n<\/span><span style=\"font-weight: 400;\">Fonte: Ag\u00eancia Brasil <\/span><\/p>\n","protected":false},"excerpt":{"rendered":"<p>O presidente nacional do partido Uni\u00e3o Brasil e deputado federal, Luciano Bivar, desistiu da candidatura \u00e0 Presid\u00eancia da Rep\u00fablica. Ele anunciou\u00a0hoje\u00a0(31) a decis\u00e3o durante conven\u00e7\u00e3o da legenda no Recife, sua cidade\u00a0natal. &#8220;Resolvi voltar e permanecer na C\u00e2mara Federal&#8221;, disse em seu discurso. Ele sinalizou, no entanto, que a legenda deve\u00a0ter\u00a0candidato pr\u00f3prio. Setores do Uni\u00e3o Brasil [&hellip;]<\/p>\n","protected":false},"author":246,"featured_media":202413,"comment_status":"closed","ping_status":"closed","sticky":false,"template":"","format":"standard","meta":{"footnotes":""},"categories":[436,254,439],"tags":[],"class_list":["post-202412","post","type-post","status-publish","format-standard","has-post-thumbnail","hentry","category-destaque-da-semana","category-politica","category-ultima-hora"],"_links":{"self":[{"href":"https:\/\/diarioregionaldigital.com.br\/index.php?rest_route=\/wp\/v2\/posts\/202412","targetHints":{"allow":["GET"]}}],"collection":[{"href":"https:\/\/diarioregionaldigital.com.br\/index.php?rest_route=\/wp\/v2\/posts"}],"about":[{"href":"https:\/\/diarioregionaldigital.com.br\/index.php?rest_route=\/wp\/v2\/types\/post"}],"author":[{"embeddable":true,"href":"https:\/\/diarioregionaldigital.com.br\/index.php?rest_route=\/wp\/v2\/users\/246"}],"replies":[{"embeddable":true,"href":"https:\/\/diarioregionaldigital.com.br\/index.php?rest_route=%2Fwp%2Fv2%2Fcomments&post=202412"}],"version-history":[{"count":2,"href":"https:\/\/diarioregionaldigital.com.br\/index.php?rest_route=\/wp\/v2\/posts\/202412\/revisions"}],"predecessor-version":[{"id":202415,"href":"https:\/\/diarioregionaldigital.com.br\/index.php?rest_route=\/wp\/v2\/posts\/202412\/revisions\/202415"}],"wp:featuredmedia":[{"embeddable":true,"href":"https:\/\/diarioregionaldigital.com.br\/index.php?rest_route=\/wp\/v2\/media\/202413"}],"wp:attachment":[{"href":"https:\/\/diarioregionaldigital.com.br\/index.php?rest_route=%2Fwp%2Fv2%2Fmedia&parent=202412"}],"wp:term":[{"taxonomy":"category","embeddable":true,"href":"https:\/\/diarioregionaldigital.com.br\/index.php?rest_route=%2Fwp%2Fv2%2Fcategories&post=202412"},{"taxonomy":"post_tag","embeddable":true,"href":"https:\/\/diarioregionaldigital.com.br\/index.php?rest_route=%2Fwp%2Fv2%2Ftags&post=202412"}],"curies":[{"name":"wp","href":"https:\/\/api.w.org\/{rel}","templated":true}]}}