{"id":202409,"date":"2022-08-01T16:06:10","date_gmt":"2022-08-01T19:06:10","guid":{"rendered":"https:\/\/diarioregionaldigital.com.br\/?p=202409"},"modified":"2022-08-01T16:06:10","modified_gmt":"2022-08-01T19:06:10","slug":"presidente-indica-messod-azulay-neto-e-paulo-domingues-para-o-stj","status":"publish","type":"post","link":"https:\/\/diarioregionaldigital.com.br\/?p=202409","title":{"rendered":"Presidente indica Messod Azulay Neto e Paulo Domingues para o STJ"},"content":{"rendered":"<p>O presidente Jair Bolsonaro indicou, hoje (1\u00ba), os desembargadores federais Messod Azulay Neto e Paulo S\u00e9rgio Domingues para o cargo de ministros no Superior Tribunal de Justi\u00e7a (STJ). As vagas foram abertas com a aposentadoria dos ministros Napole\u00e3o Nunes Maia Filho, em dezembro de 2020, e Nefi Cordeiro, em mar\u00e7o do ano passado.<img decoding=\"async\" src=\"https:\/\/agenciabrasil.ebc.com.br\/ebc.png?id=1473862&amp;o=node\" \/><img decoding=\"async\" src=\"https:\/\/agenciabrasil.ebc.com.br\/ebc.gif?id=1473862&amp;o=node\" \/><\/p>\n<p>Os escolhidos ser\u00e3o submetidos a sabatina na Comiss\u00e3o de Constitui\u00e7\u00e3o, Justi\u00e7a e Cidadania do Senado Federal. Se aprovados no colegiado e pelo plen\u00e1rio da Casa ser\u00e3o nomeados pelo presidente da Rep\u00fablica.<\/p>\n<p>Messod Azulay Neto \u00e9 desembargador do Tribunal Regional Federal da 2\u00aa Regi\u00e3o (TRF2) e Paulo S\u00e9rgio Domingues, do Tribunal Regional Federal da 3\u00aa Regi\u00e3o (TRF3).<\/p>\n<p>O STJ \u00e9 composto por 33 ministros. Um ter\u00e7o dos magistrados \u00e9 escolhido dentre desembargadores dos tribunais regionais federais e um ter\u00e7o dentre desembargadores dos tribunais de Justi\u00e7a, indicados em lista elaborada pela pr\u00f3pria corte superior.<\/p>\n<p>O \u00faltimo ter\u00e7o \u00e9 escolhido, em partes iguais, entre advogados e membros do Minist\u00e9rio P\u00fablico Federal, estadual e do Distrito Federal e Territ\u00f3rios, alternadamente. Nesse caso, os \u00f3rg\u00e3os de representa\u00e7\u00e3o das respectivas classes enviam uma lista com seis nomes ao STJ, o qual \u00e9 respons\u00e1vel por elaborar lista tr\u00edplice e envi\u00e1-la para escolha do presidente da Rep\u00fablica.<\/p>\n<p><span style=\"font-weight: 400;\">Fonte: Ag\u00eancia Brasil <\/span><\/p>\n","protected":false},"excerpt":{"rendered":"<p>O presidente Jair Bolsonaro indicou, hoje (1\u00ba), os desembargadores federais Messod Azulay Neto e Paulo S\u00e9rgio Domingues para o cargo de ministros no Superior Tribunal de Justi\u00e7a (STJ). As vagas foram abertas com a aposentadoria dos ministros Napole\u00e3o Nunes Maia Filho, em dezembro de 2020, e Nefi Cordeiro, em mar\u00e7o do ano passado. Os escolhidos [&hellip;]<\/p>\n","protected":false},"author":246,"featured_media":202410,"comment_status":"closed","ping_status":"closed","sticky":false,"template":"","format":"standard","meta":{"footnotes":""},"categories":[436,440,254,439],"tags":[],"class_list":["post-202409","post","type-post","status-publish","format-standard","has-post-thumbnail","hentry","category-destaque-da-semana","category-destaques-do-dia","category-politica","category-ultima-hora"],"_links":{"self":[{"href":"https:\/\/diarioregionaldigital.com.br\/index.php?rest_route=\/wp\/v2\/posts\/202409","targetHints":{"allow":["GET"]}}],"collection":[{"href":"https:\/\/diarioregionaldigital.com.br\/index.php?rest_route=\/wp\/v2\/posts"}],"about":[{"href":"https:\/\/diarioregionaldigital.com.br\/index.php?rest_route=\/wp\/v2\/types\/post"}],"author":[{"embeddable":true,"href":"https:\/\/diarioregionaldigital.com.br\/index.php?rest_route=\/wp\/v2\/users\/246"}],"replies":[{"embeddable":true,"href":"https:\/\/diarioregionaldigital.com.br\/index.php?rest_route=%2Fwp%2Fv2%2Fcomments&post=202409"}],"version-history":[{"count":1,"href":"https:\/\/diarioregionaldigital.com.br\/index.php?rest_route=\/wp\/v2\/posts\/202409\/revisions"}],"predecessor-version":[{"id":202411,"href":"https:\/\/diarioregionaldigital.com.br\/index.php?rest_route=\/wp\/v2\/posts\/202409\/revisions\/202411"}],"wp:featuredmedia":[{"embeddable":true,"href":"https:\/\/diarioregionaldigital.com.br\/index.php?rest_route=\/wp\/v2\/media\/202410"}],"wp:attachment":[{"href":"https:\/\/diarioregionaldigital.com.br\/index.php?rest_route=%2Fwp%2Fv2%2Fmedia&parent=202409"}],"wp:term":[{"taxonomy":"category","embeddable":true,"href":"https:\/\/diarioregionaldigital.com.br\/index.php?rest_route=%2Fwp%2Fv2%2Fcategories&post=202409"},{"taxonomy":"post_tag","embeddable":true,"href":"https:\/\/diarioregionaldigital.com.br\/index.php?rest_route=%2Fwp%2Fv2%2Ftags&post=202409"}],"curies":[{"name":"wp","href":"https:\/\/api.w.org\/{rel}","templated":true}]}}