{"id":202406,"date":"2022-08-01T15:52:31","date_gmt":"2022-08-01T18:52:31","guid":{"rendered":"https:\/\/diarioregionaldigital.com.br\/?p=202406"},"modified":"2022-08-01T15:52:31","modified_gmt":"2022-08-01T18:52:31","slug":"governo-reduz-ipi-de-produtos-fabricados-no-brasil","status":"publish","type":"post","link":"https:\/\/diarioregionaldigital.com.br\/?p=202406","title":{"rendered":"Governo reduz IPI de produtos fabricados no Brasil"},"content":{"rendered":"<p>Decreto publicado pelo governo federal na \u00faltima sexta-feira (29) (\u00a0<a href=\"https:\/\/pesquisa.in.gov.br\/imprensa\/jsp\/visualiza\/index.jsp?jornal=602&amp;pagina=1&amp;data=29\/07\/2022&amp;totalArquivos=220\" target=\"_blank\" rel=\"noopener\">Decreto n\u00ba 11.158<\/a>\u00a0) estabelece os itens fabricados no Brasil para os quais ser\u00e1 v\u00e1lida a\u00a0redu\u00e7\u00e3o de 35% no Imposto sobre Produtos Industrializados (IPI).\u00a0O decreto tamb\u00e9m exclui da lista os principais produtos que s\u00e3o fabricados na Zona Franca de Manaus.<img decoding=\"async\" src=\"https:\/\/agenciabrasil.ebc.com.br\/ebc.png?id=1473743&amp;o=node\" \/><img decoding=\"async\" src=\"https:\/\/agenciabrasil.ebc.com.br\/ebc.gif?id=1473743&amp;o=node\" \/><\/p>\n<p>Segundo o governo, o decreto cumpre\u00a0decis\u00e3o judicial (ADI 7153) que determinou a preserva\u00e7\u00e3o da competitividade dos produtos produzidos na Zona Franca.<\/p>\n<p>De acordo com o Minist\u00e9rio da Economia, o decreto d\u00e1 seguran\u00e7a jur\u00eddica para a redu\u00e7\u00e3o do IPI.<\/p>\n<p>&#8220;Ao detalhar os produtos que\u00a0ter\u00e3o suas al\u00edquotas alteradas, a nova edi\u00e7\u00e3o esclarece a correta aplica\u00e7\u00e3o do IPI sobre o faturamento dos produtos industrializados, garantindo seguran\u00e7a jur\u00eddica e o avan\u00e7o das medidas de desonera\u00e7\u00e3o tribut\u00e1ria. O texto tamb\u00e9m apresenta tratamento espec\u00edfico para preservar praticamente toda a produ\u00e7\u00e3o efetiva da ZFM, levando em considera\u00e7\u00e3o os Processos Produtivos B\u00e1sicos.<\/p>\n<p>A medida tamb\u00e9m traz redu\u00e7\u00e3o adicional do IPI, de 18% para 24,75%, para autom\u00f3veis. \u201cA eleva\u00e7\u00e3o desse percentual equipara a redu\u00e7\u00e3o do imposto para o setor automotivo \u00e0 concedida aos demais produtos industrializados\u201d, diz o Minist\u00e9rio da Economia.<\/p>\n<p>O minist\u00e9rio explicou ainda que, com o decreto, ser\u00e3o beneficiados produtos nacionais e importados, al\u00e9m de provocar reflexo positivo no Produto Interno Bruto (PIB), com a redu\u00e7\u00e3o do custo Brasil e maior seguran\u00e7a jur\u00eddica. \u201cEspera-se ampliar a competitividade da ind\u00fastria, com menos impostos e aumento da produ\u00e7\u00e3o\u201d.<\/p>\n<p>O IPI \u00e9 um imposto federal que incide sobre cerca de 4 mil\u00a0itens nacionais e importados que passaram por algum processo de industrializa\u00e7\u00e3o (beneficiamento, transforma\u00e7\u00e3o, montagem, acondicionamento ou restaura\u00e7\u00e3o). Com car\u00e1ter\u00a0extrafiscal (tributo regulat\u00f3rio), o IPI pode ser usado para fomentar um setor econ\u00f4mico por meio de isen\u00e7\u00e3o ou redu\u00e7\u00e3o das al\u00edquotas para que mais produtos produzidos pelo setor sejam vendidos.<\/p>\n<p><span style=\"font-weight: 400;\">Fonte: Ag\u00eancia Brasil <\/span><\/p>\n","protected":false},"excerpt":{"rendered":"<p>Decreto publicado pelo governo federal na \u00faltima sexta-feira (29) (\u00a0Decreto n\u00ba 11.158\u00a0) estabelece os itens fabricados no Brasil para os quais ser\u00e1 v\u00e1lida a\u00a0redu\u00e7\u00e3o de 35% no Imposto sobre Produtos Industrializados (IPI).\u00a0O decreto tamb\u00e9m exclui da lista os principais produtos que s\u00e3o fabricados na Zona Franca de Manaus. Segundo o governo, o decreto cumpre\u00a0decis\u00e3o judicial [&hellip;]<\/p>\n","protected":false},"author":246,"featured_media":202407,"comment_status":"closed","ping_status":"closed","sticky":false,"template":"","format":"standard","meta":{"footnotes":""},"categories":[436,261,439],"tags":[],"class_list":["post-202406","post","type-post","status-publish","format-standard","has-post-thumbnail","hentry","category-destaque-da-semana","category-economia","category-ultima-hora"],"_links":{"self":[{"href":"https:\/\/diarioregionaldigital.com.br\/index.php?rest_route=\/wp\/v2\/posts\/202406","targetHints":{"allow":["GET"]}}],"collection":[{"href":"https:\/\/diarioregionaldigital.com.br\/index.php?rest_route=\/wp\/v2\/posts"}],"about":[{"href":"https:\/\/diarioregionaldigital.com.br\/index.php?rest_route=\/wp\/v2\/types\/post"}],"author":[{"embeddable":true,"href":"https:\/\/diarioregionaldigital.com.br\/index.php?rest_route=\/wp\/v2\/users\/246"}],"replies":[{"embeddable":true,"href":"https:\/\/diarioregionaldigital.com.br\/index.php?rest_route=%2Fwp%2Fv2%2Fcomments&post=202406"}],"version-history":[{"count":1,"href":"https:\/\/diarioregionaldigital.com.br\/index.php?rest_route=\/wp\/v2\/posts\/202406\/revisions"}],"predecessor-version":[{"id":202408,"href":"https:\/\/diarioregionaldigital.com.br\/index.php?rest_route=\/wp\/v2\/posts\/202406\/revisions\/202408"}],"wp:featuredmedia":[{"embeddable":true,"href":"https:\/\/diarioregionaldigital.com.br\/index.php?rest_route=\/wp\/v2\/media\/202407"}],"wp:attachment":[{"href":"https:\/\/diarioregionaldigital.com.br\/index.php?rest_route=%2Fwp%2Fv2%2Fmedia&parent=202406"}],"wp:term":[{"taxonomy":"category","embeddable":true,"href":"https:\/\/diarioregionaldigital.com.br\/index.php?rest_route=%2Fwp%2Fv2%2Fcategories&post=202406"},{"taxonomy":"post_tag","embeddable":true,"href":"https:\/\/diarioregionaldigital.com.br\/index.php?rest_route=%2Fwp%2Fv2%2Ftags&post=202406"}],"curies":[{"name":"wp","href":"https:\/\/api.w.org\/{rel}","templated":true}]}}