{"id":202399,"date":"2022-08-01T15:47:00","date_gmt":"2022-08-01T18:47:00","guid":{"rendered":"https:\/\/diarioregionaldigital.com.br\/?p=202399"},"modified":"2022-08-01T15:47:00","modified_gmt":"2022-08-01T18:47:00","slug":"mercado-financeiro-reduz-projecao-da-inflacao-de-730-para-715","status":"publish","type":"post","link":"https:\/\/diarioregionaldigital.com.br\/?p=202399","title":{"rendered":"Mercado financeiro reduz proje\u00e7\u00e3o da infla\u00e7\u00e3o de 7,30% para 7,15%"},"content":{"rendered":"<p>A previs\u00e3o do mercado financeiro para o \u00cdndice Nacional de Pre\u00e7os ao Consumidor Amplo (IPCA), considerada a infla\u00e7\u00e3o oficial do pa\u00eds, caiu de 7,30% para 7,15% neste ano. \u00c9 a 5\u00aa redu\u00e7\u00e3o consecutiva da proje\u00e7\u00e3o. A estimativa est\u00e1 no Boletim Focus de\u00a0<span id=\"OBJ_PREFIX_DWT487_com_zimbra_date\" role=\"link\"><span id=\"OBJ_PREFIX_DWT494_com_zimbra_date\" role=\"link\">hoje<\/span><\/span>\u00a0(1\u00ba), pesquisa divulgada semanalmente pelo Banco Central (BC), com a expectativa de institui\u00e7\u00f5es para os principais indicadores econ\u00f4micos.<img decoding=\"async\" src=\"https:\/\/agenciabrasil.ebc.com.br\/ebc.png?id=1473799&amp;o=node\" \/><img decoding=\"async\" src=\"https:\/\/agenciabrasil.ebc.com.br\/ebc.gif?id=1473799&amp;o=node\" \/><\/p>\n<p>Para 2023, a estimativa de infla\u00e7\u00e3o ficou em 5,33%. Para 2024 e 2025, as previs\u00f5es s\u00e3o de 3,3% e 3%, respectivamente.<\/p>\n<p>A previs\u00e3o para 2022 est\u00e1 acima da meta de infla\u00e7\u00e3o que deve ser perseguida pelo BC. A meta, definida pelo Conselho Monet\u00e1rio Nacional, \u00e9 de 3,5% para este ano, com intervalo de toler\u00e2ncia de 1,5 ponto percentual para cima ou para baixo. Ou seja, o limite inferior \u00e9 de 2,25% e o superior de 5,25%.<\/p>\n<p>Em junho,\u00a0<a href=\"https:\/\/agenciabrasil.ebc.com.br\/economia\/noticia\/2022-07\/inflacao-oficial-sobe-para-067-em-junho-diz-ibge\" target=\"_blank\" rel=\"noopener\">a infla\u00e7\u00e3o subiu 0,67%<\/a>, ap\u00f3s a varia\u00e7\u00e3o de 0,47% registrada em maio. Com o resultado, o IPCA acumula alta de 5,49%, no ano, e 11,89%, em 12 meses.<\/p>\n<p>Os dados<span id=\"OBJ_PREFIX_DWT489_com_zimbra_date\" role=\"link\">\u00a0de julho<\/span>\u00a0devem ser divulgados pelo Instituto Brasileiro de Geografia e Estat\u00edstica no pr\u00f3ximo dia 9, mas o \u00cdndice Nacional de Pre\u00e7os ao Consumidor Amplo \u2013 15 (IPCA-15), a pr\u00e9via da infla\u00e7\u00e3o oficial, registrou\u00a0<a href=\"https:\/\/agenciabrasil.ebc.com.br\/economia\/noticia\/2022-07\/previa-da-inflacao-oficial-cai-para-013-em-julho\" target=\"_blank\" rel=\"noopener\">infla\u00e7\u00e3o de 0,13% no m\u00eas passado<\/a>, menor que a<span id=\"OBJ_PREFIX_DWT491_com_zimbra_date\" role=\"link\">\u00a0de junho<\/span>\u00a0(0,69%).<\/p>\n<h2>Taxa de juros<\/h2>\n<p>Para alcan\u00e7ar a meta de infla\u00e7\u00e3o, o Banco Central usa como principal instrumento a taxa b\u00e1sica de juros,\u00a0<a href=\"https:\/\/agenciabrasil.ebc.com.br\/economia\/noticia\/2022-06\/copom-eleva-juros-basicos-da-economia-para-1325-ao-ano#:~:text=Por%20unanimidade%2C%20o%20Comit%C3%AA%20de,13%2C25%25%20ao%20ano\" target=\"_blank\" rel=\"noopener\">a Selic, definida em 13,25% ao ano<\/a>\u00a0pelo Comit\u00ea de Pol\u00edtica Monet\u00e1ria (Copom). Para a pr\u00f3xima reuni\u00e3o do \u00f3rg\u00e3o, que acontece amanh\u00e3 (2) e\u00a0<span id=\"OBJ_PREFIX_DWT493_com_zimbra_date\" role=\"link\"><span id=\"OBJ_PREFIX_DWT498_com_zimbra_date\" role=\"link\">quarta<\/span><\/span>-feira (3), o Copom j\u00e1 sinalizou que pode elevar a Selic em mais 0,5 ponto percentual.<\/p>\n<p>Para o mercado financeiro, a expectativa \u00e9 de que a Selic suba, neste m\u00eas, para 13,75% ao ano, em linha com a sinaliza\u00e7\u00e3o do BC, e encerre o ano nesse patamar. Para o fim de 2023, a estimativa \u00e9 de que a taxa b\u00e1sica caia para 11% ao ano. E para 2024 e 2025, a previs\u00e3o \u00e9 de Selic em 8% ao ano e 7,5% ao ano, respectivamente.<\/p>\n<p>Quando o Copom aumenta a taxa b\u00e1sica de juros, a finalidade \u00e9 conter a demanda aquecida, e isso causa reflexos nos pre\u00e7os porque os juros mais altos encarecem o cr\u00e9dito e estimulam a poupan\u00e7a. Desse modo, taxas mais altas tamb\u00e9m podem dificultar a expans\u00e3o da economia. Al\u00e9m da taxa Selic, os bancos consideram outros fatores na hora de definir os juros cobrados dos consumidores, como risco de inadimpl\u00eancia, lucro e despesas administrativas.<\/p>\n<p>Quando o Copom reduz a Selic, a tend\u00eancia \u00e9 de que o cr\u00e9dito fique mais barato, com incentivo \u00e0 produ\u00e7\u00e3o e ao consumo, reduzindo o controle da infla\u00e7\u00e3o e estimulando a atividade econ\u00f4mica.<\/p>\n<h2>PIB e c\u00e2mbio<\/h2>\n<p>As institui\u00e7\u00f5es financeiras consultadas pelo BC elevaram a proje\u00e7\u00e3o para o crescimento da economia brasileira este ano de 1,93% para 1,97%. Para 2023, a expectativa para o Produto Interno Bruto (PIB) &#8211; a soma de todos os bens e servi\u00e7os produzidos no pa\u00eds &#8211; \u00e9 de crescimento de 0,4%. Em 2024 e 2025, o mercado financeiro projeta expans\u00e3o do PIB em 1,7% e 2%, respectivamente.<\/p>\n<p>A expectativa para a cota\u00e7\u00e3o do d\u00f3lar manteve-se em R$ 5,20 para o final deste ano. Para o fim de 2023, a previs\u00e3o \u00e9 de que a moeda americana tamb\u00e9m fique nesse mesmo patamar.<\/p>\n<p><span style=\"font-weight: 400;\">Fonte: Ag\u00eancia Brasil <\/span><\/p>\n","protected":false},"excerpt":{"rendered":"<p>A previs\u00e3o do mercado financeiro para o \u00cdndice Nacional de Pre\u00e7os ao Consumidor Amplo (IPCA), considerada a infla\u00e7\u00e3o oficial do pa\u00eds, caiu de 7,30% para 7,15% neste ano. \u00c9 a 5\u00aa redu\u00e7\u00e3o consecutiva da proje\u00e7\u00e3o. A estimativa est\u00e1 no Boletim Focus de\u00a0hoje\u00a0(1\u00ba), pesquisa divulgada semanalmente pelo Banco Central (BC), com a expectativa de institui\u00e7\u00f5es para [&hellip;]<\/p>\n","protected":false},"author":246,"featured_media":202400,"comment_status":"closed","ping_status":"closed","sticky":false,"template":"","format":"standard","meta":{"footnotes":""},"categories":[436,261,439],"tags":[],"class_list":["post-202399","post","type-post","status-publish","format-standard","has-post-thumbnail","hentry","category-destaque-da-semana","category-economia","category-ultima-hora"],"_links":{"self":[{"href":"https:\/\/diarioregionaldigital.com.br\/index.php?rest_route=\/wp\/v2\/posts\/202399","targetHints":{"allow":["GET"]}}],"collection":[{"href":"https:\/\/diarioregionaldigital.com.br\/index.php?rest_route=\/wp\/v2\/posts"}],"about":[{"href":"https:\/\/diarioregionaldigital.com.br\/index.php?rest_route=\/wp\/v2\/types\/post"}],"author":[{"embeddable":true,"href":"https:\/\/diarioregionaldigital.com.br\/index.php?rest_route=\/wp\/v2\/users\/246"}],"replies":[{"embeddable":true,"href":"https:\/\/diarioregionaldigital.com.br\/index.php?rest_route=%2Fwp%2Fv2%2Fcomments&post=202399"}],"version-history":[{"count":1,"href":"https:\/\/diarioregionaldigital.com.br\/index.php?rest_route=\/wp\/v2\/posts\/202399\/revisions"}],"predecessor-version":[{"id":202401,"href":"https:\/\/diarioregionaldigital.com.br\/index.php?rest_route=\/wp\/v2\/posts\/202399\/revisions\/202401"}],"wp:featuredmedia":[{"embeddable":true,"href":"https:\/\/diarioregionaldigital.com.br\/index.php?rest_route=\/wp\/v2\/media\/202400"}],"wp:attachment":[{"href":"https:\/\/diarioregionaldigital.com.br\/index.php?rest_route=%2Fwp%2Fv2%2Fmedia&parent=202399"}],"wp:term":[{"taxonomy":"category","embeddable":true,"href":"https:\/\/diarioregionaldigital.com.br\/index.php?rest_route=%2Fwp%2Fv2%2Fcategories&post=202399"},{"taxonomy":"post_tag","embeddable":true,"href":"https:\/\/diarioregionaldigital.com.br\/index.php?rest_route=%2Fwp%2Fv2%2Ftags&post=202399"}],"curies":[{"name":"wp","href":"https:\/\/api.w.org\/{rel}","templated":true}]}}