{"id":202392,"date":"2022-07-31T06:00:42","date_gmt":"2022-07-31T09:00:42","guid":{"rendered":"https:\/\/diarioregionaldigital.com.br\/?p=202392"},"modified":"2022-07-30T01:47:32","modified_gmt":"2022-07-30T04:47:32","slug":"um-grande-maestro","status":"publish","type":"post","link":"https:\/\/diarioregionaldigital.com.br\/?p=202392","title":{"rendered":"Um grande maestro"},"content":{"rendered":"<p>Henrique Morelenbaum, que acaba de falecer no Rio de Janeiro, com 90 anos, \u00a0foi uma figura marcante, como maestro, do setor musical da nossa cultura. Quando o ent\u00e3o governador Chagas Freitas me entregou em 1980 \u00a0a presid\u00eancia da Funda\u00e7\u00e3o das Artes do Rio de Janeiro, que englobava o Teatro Municipal e a Sala Cec\u00edlia Meireles, n\u00e3o tive d\u00favida de nomear o meu amigo Henrique para dirigir, em tempos alternados, aquelas duas importantes casas de m\u00fasica. J\u00e1 o conhecia pelo bel\u00edssimo trabalho na dire\u00e7\u00e3o do coro do Instituto Eliezer Steinberg, onde cantavam diversos parentes (tia, prima, dois irm\u00e3os etc). Eram todos encantados pela delicadeza e bom-gosto do seu jeito e do seu repert\u00f3rio selecionad\u00edssimo.<\/p>\n<p>Quando quis prestigiar o ballet e o coro do Teatro Municipal, este considerado o terceiro do mundo, ocorreu-me \u00a0uma provid\u00eancia essencial: acabei com as apresenta\u00e7\u00f5es com fitas e exigi que as orquestras \u00a0se apresentassem ao vivo. Foi uma extraordin\u00e1ria guinada e os nossos espet\u00e1culos ganharam mais consist\u00eancia, atraindo mais p\u00fablico. Foi um ganho extraordin\u00e1rio, que pudemos dividir com o Maestro Morelenbaum. O Municipal alcan\u00e7ou incr\u00edvel proje\u00e7\u00e3o.<\/p>\n<p>Henrique foi tamb\u00e9m o orientador do coro do Teatro Municipal, com primorosas anota\u00e7\u00f5es. Tinha um prazer especial\u00edssimo em trabalhar nessa \u00e1rea, acompanhado de uma fam\u00edlia igualmente vocacionada (a mulher Sarah e os filhos Jaques, Eduardo e L\u00facia, todos\u00a0 m\u00fasicos). Pode-se estimar que os seus seis netos e dois bisnetos inexoravelmente acabar\u00e3o adotando a mesma profiss\u00e3o.<\/p>\n<p>O prest\u00edgio de Morelenbaum n\u00e3o se restringiu ao Rio de Janeiro, pois se apresentou em diversos pa\u00edses estrangeiros (Hungria, Pol\u00f4nia e Chile). Vale referir que se emocionou \u00a0muito quando se apresentou na Pol\u00f4nia, pois foi o pa\u00eds onde \u00a0nasceu. Saiu aos \u00a03 anos de idade, com seus pais para viver no Brasil que ele amava.<\/p>\n<p>Dirigiu obras de Jos\u00e9 Maur\u00edcio, Castro Lobo, Villa-lobos, Francisco Braga, Leopoldo Miguez\u00a0 e Radam\u00e9s Gnattali. Foi profissional completo e querido da m\u00fasica. Far\u00e1 muita falta.<\/p>\n","protected":false},"excerpt":{"rendered":"<p>Henrique Morelenbaum, que acaba de falecer no Rio de Janeiro, com 90 anos, \u00a0foi uma figura marcante, como maestro, do setor musical da nossa cultura. Quando o ent\u00e3o governador Chagas Freitas me entregou em 1980 \u00a0a presid\u00eancia da Funda\u00e7\u00e3o das Artes do Rio de Janeiro, que englobava o Teatro Municipal e a Sala Cec\u00edlia Meireles, [&hellip;]<\/p>\n","protected":false},"author":96,"featured_media":0,"comment_status":"closed","ping_status":"closed","sticky":false,"template":"","format":"standard","meta":{"footnotes":""},"categories":[275],"tags":[],"class_list":["post-202392","post","type-post","status-publish","format-standard","hentry","category-arnaldo-niskier"],"_links":{"self":[{"href":"https:\/\/diarioregionaldigital.com.br\/index.php?rest_route=\/wp\/v2\/posts\/202392","targetHints":{"allow":["GET"]}}],"collection":[{"href":"https:\/\/diarioregionaldigital.com.br\/index.php?rest_route=\/wp\/v2\/posts"}],"about":[{"href":"https:\/\/diarioregionaldigital.com.br\/index.php?rest_route=\/wp\/v2\/types\/post"}],"author":[{"embeddable":true,"href":"https:\/\/diarioregionaldigital.com.br\/index.php?rest_route=\/wp\/v2\/users\/96"}],"replies":[{"embeddable":true,"href":"https:\/\/diarioregionaldigital.com.br\/index.php?rest_route=%2Fwp%2Fv2%2Fcomments&post=202392"}],"version-history":[{"count":1,"href":"https:\/\/diarioregionaldigital.com.br\/index.php?rest_route=\/wp\/v2\/posts\/202392\/revisions"}],"predecessor-version":[{"id":202393,"href":"https:\/\/diarioregionaldigital.com.br\/index.php?rest_route=\/wp\/v2\/posts\/202392\/revisions\/202393"}],"wp:attachment":[{"href":"https:\/\/diarioregionaldigital.com.br\/index.php?rest_route=%2Fwp%2Fv2%2Fmedia&parent=202392"}],"wp:term":[{"taxonomy":"category","embeddable":true,"href":"https:\/\/diarioregionaldigital.com.br\/index.php?rest_route=%2Fwp%2Fv2%2Fcategories&post=202392"},{"taxonomy":"post_tag","embeddable":true,"href":"https:\/\/diarioregionaldigital.com.br\/index.php?rest_route=%2Fwp%2Fv2%2Ftags&post=202392"}],"curies":[{"name":"wp","href":"https:\/\/api.w.org\/{rel}","templated":true}]}}