{"id":202380,"date":"2022-07-29T20:16:13","date_gmt":"2022-07-29T23:16:13","guid":{"rendered":"https:\/\/diarioregionaldigital.com.br\/?p=202380"},"modified":"2022-07-29T20:16:13","modified_gmt":"2022-07-29T23:16:13","slug":"prefeitura-atende-mais-de-20-bairros-com-a-operacao-tapa-buracos-em-seis-dias","status":"publish","type":"post","link":"https:\/\/diarioregionaldigital.com.br\/?p=202380","title":{"rendered":"Prefeitura atende mais de 20 bairros com a opera\u00e7\u00e3o tapa-buracos em seis dias"},"content":{"rendered":"<p>Segundo informa\u00e7\u00f5es do site da Prefeitura de Juiz de Fora (PJF), entre sexta-feira, 22, e esta quinta, 28, a Prefeitura de Juiz de Fora (PJF) esteve presente em 40 vias, de 26 bairros da cidade com a opera\u00e7\u00e3o tapa-buracos. No per\u00edodo, foram 950 recomposi\u00e7\u00f5es realizadas com a aplica\u00e7\u00e3o de 507,46 toneladas de massa asf\u00e1ltica (CBUQ), com m\u00e9dia di\u00e1ria de 158 buracos tapados e 85 toneladas de massa aplicada.<\/p>\n<p>Na extensa lista de bairros atendidos, destaque para o Linhares, onde a opera\u00e7\u00e3o segue em andamento. Como tem acontecido nos \u00faltimos meses, as equipes da Empresa Municipal de Pavimenta\u00e7\u00e3o e Urbanidades (Empav) t\u00eam atuado em toda a extens\u00e3o do bairro, desde a rua Diva Garcia at\u00e9 a regi\u00e3o conhecida como \u201cVila Almeida\u201d.<\/p>\n<p>Os trabalhos de manuten\u00e7\u00e3o asf\u00e1ltica tamb\u00e9m t\u00eam sequ\u00eancia no bairro Nova Calif\u00f3rnia, na Cidade Alta. A regi\u00e3o abriga importantes pontos tur\u00edsticos e de lazer, como o Parque Municipal.<\/p>\n<p>Os n\u00fameros dos \u00faltimos seis dias da opera\u00e7\u00e3o tapa-buracos demonstram o compromisso da PJF em melhorar a mobilidade urbana e deixar a cidade ainda melhor para quem vive, visita ou passa por aqui.<\/p>\n<p><strong>Confira os bairros atendidos durante o per\u00edodo:\u00a0<\/strong><\/p>\n<p>Alto dos Passos<\/p>\n<p>Bandeirantes*<\/p>\n<p>Bela Aurora*<\/p>\n<p>Bom Pastor<\/p>\n<p>Caet\u00e9<\/p>\n<p>Centro<\/p>\n<p>Cidade do Sol*<\/p>\n<p>Costa Carvalho*<\/p>\n<p>Dom Bosco<\/p>\n<p>Furtado de Menezes*<\/p>\n<p>Granbery<\/p>\n<p>Granjas Bet\u00e2nia*<\/p>\n<p>Linhares*<\/p>\n<p>Nova Calif\u00f3rnia*<\/p>\n<p>Parque Guaru\u00e1<\/p>\n<p>Ponte Preta<\/p>\n<p>Santa Catarina<\/p>\n<p>Santa Helena<\/p>\n<p>Santa Rita*<\/p>\n<p>Santos Dumont<\/p>\n<p>S\u00e3o Mateus*<\/p>\n<p>Teixeiras*<\/p>\n<p>Vila Almeida*<\/p>\n<p>Vila Olavo Costa*<\/p>\n<p>Vila Ozanan*<\/p>\n<p>*Opera\u00e7\u00e3o segue em andamento<\/p>\n<p>&nbsp;<\/p>\n<p>A programa\u00e7\u00e3o completa das atividades realizadas pela Empav pode ser acompanhada diariamente atrav\u00e9s da p\u00e1gina do Gabinete de A\u00e7\u00e3o e Di\u00e1logo Comunit\u00e1rio, pelo<a href=\"https:\/\/www.pjf.mg.gov.br\/gabinetecomunitario\/#onde\">\u00a0<strong>link<\/strong><\/a>.<\/p>\n<p>Todas as a\u00e7\u00f5es de reestrutura\u00e7\u00e3o, urbaniza\u00e7\u00e3o e zeladoria realizadas pela Empresa Municipal de Pavimenta\u00e7\u00e3o e Urbanidades (Empav) fazem parte do Programa Boniteza. Estes e outros servi\u00e7os podem ser solicitados atrav\u00e9s do Gabinete de A\u00e7\u00e3o e Di\u00e1logo Comunit\u00e1rio, que recebe e organiza pedidos relativos a interven\u00e7\u00f5es e melhorias urbanas. O contato pode ser feito por liga\u00e7\u00e3o telef\u00f4nica, pelo n\u00famero (32) 3690-7241 ou, ainda, via WhatsApp, utilizando o mesmo n\u00famero.<\/p>\n","protected":false},"excerpt":{"rendered":"<p>Segundo informa\u00e7\u00f5es do site da Prefeitura de Juiz de Fora (PJF), entre sexta-feira, 22, e esta quinta, 28, a Prefeitura de Juiz de Fora (PJF) esteve presente em 40 vias, de 26 bairros da cidade com a opera\u00e7\u00e3o tapa-buracos. No per\u00edodo, foram 950 recomposi\u00e7\u00f5es realizadas com a aplica\u00e7\u00e3o de 507,46 toneladas de massa asf\u00e1ltica (CBUQ), [&hellip;]<\/p>\n","protected":false},"author":246,"featured_media":202381,"comment_status":"closed","ping_status":"closed","sticky":false,"template":"","format":"standard","meta":{"footnotes":""},"categories":[253,436,439],"tags":[],"class_list":["post-202380","post","type-post","status-publish","format-standard","has-post-thumbnail","hentry","category-cidade","category-destaque-da-semana","category-ultima-hora"],"_links":{"self":[{"href":"https:\/\/diarioregionaldigital.com.br\/index.php?rest_route=\/wp\/v2\/posts\/202380","targetHints":{"allow":["GET"]}}],"collection":[{"href":"https:\/\/diarioregionaldigital.com.br\/index.php?rest_route=\/wp\/v2\/posts"}],"about":[{"href":"https:\/\/diarioregionaldigital.com.br\/index.php?rest_route=\/wp\/v2\/types\/post"}],"author":[{"embeddable":true,"href":"https:\/\/diarioregionaldigital.com.br\/index.php?rest_route=\/wp\/v2\/users\/246"}],"replies":[{"embeddable":true,"href":"https:\/\/diarioregionaldigital.com.br\/index.php?rest_route=%2Fwp%2Fv2%2Fcomments&post=202380"}],"version-history":[{"count":1,"href":"https:\/\/diarioregionaldigital.com.br\/index.php?rest_route=\/wp\/v2\/posts\/202380\/revisions"}],"predecessor-version":[{"id":202382,"href":"https:\/\/diarioregionaldigital.com.br\/index.php?rest_route=\/wp\/v2\/posts\/202380\/revisions\/202382"}],"wp:featuredmedia":[{"embeddable":true,"href":"https:\/\/diarioregionaldigital.com.br\/index.php?rest_route=\/wp\/v2\/media\/202381"}],"wp:attachment":[{"href":"https:\/\/diarioregionaldigital.com.br\/index.php?rest_route=%2Fwp%2Fv2%2Fmedia&parent=202380"}],"wp:term":[{"taxonomy":"category","embeddable":true,"href":"https:\/\/diarioregionaldigital.com.br\/index.php?rest_route=%2Fwp%2Fv2%2Fcategories&post=202380"},{"taxonomy":"post_tag","embeddable":true,"href":"https:\/\/diarioregionaldigital.com.br\/index.php?rest_route=%2Fwp%2Fv2%2Ftags&post=202380"}],"curies":[{"name":"wp","href":"https:\/\/api.w.org\/{rel}","templated":true}]}}