{"id":202377,"date":"2022-07-29T20:14:01","date_gmt":"2022-07-29T23:14:01","guid":{"rendered":"https:\/\/diarioregionaldigital.com.br\/?p=202377"},"modified":"2022-07-29T20:14:11","modified_gmt":"2022-07-29T23:14:11","slug":"ampliacao-do-quadro-de-horarios-das-linhas-de-onibus","status":"publish","type":"post","link":"https:\/\/diarioregionaldigital.com.br\/?p=202377","title":{"rendered":"Amplia\u00e7\u00e3o do quadro de hor\u00e1rios das linhas de \u00f4nibus"},"content":{"rendered":"<p>Segundo informa\u00e7\u00f5es do site da Prefeitura de Juiz de Fora (PJF), ap\u00f3s constante di\u00e1logo com a popula\u00e7\u00e3o e com intuito de melhor atender aos usu\u00e1rios do transporte coletivo urbano, a Secretaria de Mobilidade Urbana (SMU) da Prefeitura de Juiz de Fora (PJF) informa que a partir de segunda, 1\u00ba de agosto,\u00a0 haver\u00e1 amplia\u00e7\u00e3o do quadro de hor\u00e1rios das seguintes linhas: 145 \u2013 Centen\u00e1rio \/ Santa Efig\u00eania; 754 \u2013 Senai; 715 \u2013 Vila Esperan\u00e7a I; 735 \u2013 Vila Esperan\u00e7a ll; 734 \u2013 Cidade do Sol; e 711 \u2013 Barreira.<\/p>\n<div id=\"box_texto_noticia\">\n<p>J\u00e1 as linhas\u00a0100-101-104-108-115-118-204-226-301-325-606-712-736-304-538-540-738 -728, tamb\u00e9m v\u00e3o passar por altera\u00e7\u00f5es de hor\u00e1rios para melhor atender a comunidade.<\/p>\n<p>Os novos hor\u00e1rios podem ser conferidos no arquivo em anexo ou no\u00a0<a href=\"https:\/\/www.pjf.mg.gov.br\/\"><strong>Portal da Prefeitura de Juiz de Fora<\/strong><\/a>\u00a0a partir de s\u00e1bado, 30.<\/p>\n<p><strong>Segue em anexo o novo quadro dos \u00f4nibus<\/strong><\/p>\n<\/div>\n<div class=\"texto_anexo\"><img loading=\"lazy\" decoding=\"async\" src=\"https:\/\/www.pjf.mg.gov.br\/imagens\/clips.jpg\" width=\"22\" height=\"20\" \/>\u00a0<a href=\"https:\/\/www.pjf.mg.gov.br\/noticias\/anexo\/horariosatualizados.pdf\" target=\"_blank\" rel=\"noopener\">Veja o anexo<\/a><\/div>\n","protected":false},"excerpt":{"rendered":"<p>Segundo informa\u00e7\u00f5es do site da Prefeitura de Juiz de Fora (PJF), ap\u00f3s constante di\u00e1logo com a popula\u00e7\u00e3o e com intuito de melhor atender aos usu\u00e1rios do transporte coletivo urbano, a Secretaria de Mobilidade Urbana (SMU) da Prefeitura de Juiz de Fora (PJF) informa que a partir de segunda, 1\u00ba de agosto,\u00a0 haver\u00e1 amplia\u00e7\u00e3o do quadro [&hellip;]<\/p>\n","protected":false},"author":246,"featured_media":202378,"comment_status":"closed","ping_status":"closed","sticky":false,"template":"","format":"standard","meta":{"footnotes":""},"categories":[253,436,439],"tags":[],"class_list":["post-202377","post","type-post","status-publish","format-standard","has-post-thumbnail","hentry","category-cidade","category-destaque-da-semana","category-ultima-hora"],"_links":{"self":[{"href":"https:\/\/diarioregionaldigital.com.br\/index.php?rest_route=\/wp\/v2\/posts\/202377","targetHints":{"allow":["GET"]}}],"collection":[{"href":"https:\/\/diarioregionaldigital.com.br\/index.php?rest_route=\/wp\/v2\/posts"}],"about":[{"href":"https:\/\/diarioregionaldigital.com.br\/index.php?rest_route=\/wp\/v2\/types\/post"}],"author":[{"embeddable":true,"href":"https:\/\/diarioregionaldigital.com.br\/index.php?rest_route=\/wp\/v2\/users\/246"}],"replies":[{"embeddable":true,"href":"https:\/\/diarioregionaldigital.com.br\/index.php?rest_route=%2Fwp%2Fv2%2Fcomments&post=202377"}],"version-history":[{"count":1,"href":"https:\/\/diarioregionaldigital.com.br\/index.php?rest_route=\/wp\/v2\/posts\/202377\/revisions"}],"predecessor-version":[{"id":202379,"href":"https:\/\/diarioregionaldigital.com.br\/index.php?rest_route=\/wp\/v2\/posts\/202377\/revisions\/202379"}],"wp:featuredmedia":[{"embeddable":true,"href":"https:\/\/diarioregionaldigital.com.br\/index.php?rest_route=\/wp\/v2\/media\/202378"}],"wp:attachment":[{"href":"https:\/\/diarioregionaldigital.com.br\/index.php?rest_route=%2Fwp%2Fv2%2Fmedia&parent=202377"}],"wp:term":[{"taxonomy":"category","embeddable":true,"href":"https:\/\/diarioregionaldigital.com.br\/index.php?rest_route=%2Fwp%2Fv2%2Fcategories&post=202377"},{"taxonomy":"post_tag","embeddable":true,"href":"https:\/\/diarioregionaldigital.com.br\/index.php?rest_route=%2Fwp%2Fv2%2Ftags&post=202377"}],"curies":[{"name":"wp","href":"https:\/\/api.w.org\/{rel}","templated":true}]}}