{"id":202372,"date":"2022-07-29T20:11:38","date_gmt":"2022-07-29T23:11:38","guid":{"rendered":"https:\/\/diarioregionaldigital.com.br\/?p=202372"},"modified":"2022-07-29T20:11:38","modified_gmt":"2022-07-29T23:11:38","slug":"prefeitura-realiza-intervencoes-para-marcar-o-dia-mundial-de-enfrentamento-ao-trafico-de-pessoas","status":"publish","type":"post","link":"https:\/\/diarioregionaldigital.com.br\/?p=202372","title":{"rendered":"Prefeitura realiza interven\u00e7\u00f5es para marcar o Dia Mundial de Enfrentamento ao Tr\u00e1fico de Pessoas"},"content":{"rendered":"<p>Segundo informa\u00e7\u00f5es do site da Prefeitura de Juiz de Fora (PJF), para marcar o Dia Mundial de Enfrentamento ao Tr\u00e1fico de Pessoas, a Prefeitura de Juiz de Fora (PJF) realizou na tarde desta sexta-feira, 29, a\u00e7\u00f5es de conscientiza\u00e7\u00e3o no Terminal Rodovi\u00e1rio Miguel Mansur. Quem passava pelo local p\u00f4de acompanhar uma interven\u00e7\u00e3o cultural com os artistas Marcus Amaral, Silvania Santos, Fafah e Anita Ramos, que simulavam o tr\u00e1fico de uma mulher e uma crian\u00e7a. Em seguida, os servidores da Secretaria Especial de Direitos Humanos (SEDH) panfletam informa\u00e7\u00f5es sobre o tr\u00e1fico de pessoas.<\/p>\n<p>&nbsp;<\/p>\n<p>A SEDH participou da Campanha Cora\u00e7\u00e3o Azul contra o Tr\u00e1fico de Pessoas, iniciativa da Organiza\u00e7\u00e3o das Na\u00e7\u00f5es Unidas. No Brasil, os dados apontam diretamente para o recorte de g\u00eanero e de explora\u00e7\u00e3o sexual ligados ao crime. Segundo informa\u00e7\u00f5es do Instituto Livres, dados do per\u00edodo de janeiro de 2020 a junho de 2021, mostram que 75% das v\u00edtimas de tr\u00e1fico de pessoas s\u00e3o crian\u00e7as, adolescentes e mulheres.<\/p>\n<p>&nbsp;<\/p>\n<p>A coordenadora de pol\u00edticas para pessoas com defici\u00eancia da SEDH, Rita Petronilho afirma que interven\u00e7\u00f5es como essa s\u00e3o importantes para conscientizar a popula\u00e7\u00e3o sobre casos recorrentes e que n\u00e3o s\u00e3o percept\u00edveis. &#8220;Essas a\u00e7\u00f5es s\u00e3o fundamentais, n\u00e3o s\u00f3 no Dia Mundial de Combate ao Tr\u00e1fico de Pessoas, mas todos os dias. Precisamos chamar a aten\u00e7\u00e3o da sociedade, pois casos como esse ocorrem mais do que possamos imaginar. A maior parte do tr\u00e1fico \u00e9 de mulheres e meninas negras e de homens, que v\u00e3o para um servi\u00e7o an\u00e1logo \u00e0 escravid\u00e3o&#8221;.<\/p>\n<p>&nbsp;<\/p>\n<p>Silvania Santos, Gerente do Departamento de Cultura e Territ\u00f3rio da Funda\u00e7\u00e3o Cultural Alfredo Ferreira Lage (Funalfa) e uma das artistas respons\u00e1veis pela a\u00e7\u00e3o, ressalta que esse momento \u00e9 de provoca\u00e7\u00e3o, para que possamos cuidar uns dos outros. &#8220;A interven\u00e7\u00e3o cultural vem para despertar as pessoas que est\u00e3o aqui na rodovi\u00e1ria para que casos como esse parem de acontecer e que a popula\u00e7\u00e3o comece a intervir e fazer alguma coisa. A responsabilidade nunca \u00e9 de um s\u00f3, mas do coletivo&#8221;.<\/p>\n<p>&nbsp;<\/p>\n<p><strong>Dia Mundial de Enfrentamento ao Tr\u00e1fico de Pessoas<\/strong><\/p>\n<p>&nbsp;<\/p>\n<p>O dia 30 de julho \u00e9 conhecido, nacional e internacionalmente, como o \u201cDia de Enfrentamento ao Tr\u00e1fico de Pessoas\u201d. A data foi institu\u00edda em 2013 ap\u00f3s uma resolu\u00e7\u00e3o da Assembleia Geral das Na\u00e7\u00f5es Unidas, que destaca a import\u00e2ncia da reflex\u00e3o da situa\u00e7\u00e3o das v\u00edtimas do tr\u00e1fico de seres humanos.<\/p>\n","protected":false},"excerpt":{"rendered":"<p>Segundo informa\u00e7\u00f5es do site da Prefeitura de Juiz de Fora (PJF), para marcar o Dia Mundial de Enfrentamento ao Tr\u00e1fico de Pessoas, a Prefeitura de Juiz de Fora (PJF) realizou na tarde desta sexta-feira, 29, a\u00e7\u00f5es de conscientiza\u00e7\u00e3o no Terminal Rodovi\u00e1rio Miguel Mansur. Quem passava pelo local p\u00f4de acompanhar uma interven\u00e7\u00e3o cultural com os artistas [&hellip;]<\/p>\n","protected":false},"author":246,"featured_media":202374,"comment_status":"closed","ping_status":"closed","sticky":false,"template":"","format":"standard","meta":{"footnotes":""},"categories":[253,436,439],"tags":[],"class_list":["post-202372","post","type-post","status-publish","format-standard","has-post-thumbnail","hentry","category-cidade","category-destaque-da-semana","category-ultima-hora"],"_links":{"self":[{"href":"https:\/\/diarioregionaldigital.com.br\/index.php?rest_route=\/wp\/v2\/posts\/202372","targetHints":{"allow":["GET"]}}],"collection":[{"href":"https:\/\/diarioregionaldigital.com.br\/index.php?rest_route=\/wp\/v2\/posts"}],"about":[{"href":"https:\/\/diarioregionaldigital.com.br\/index.php?rest_route=\/wp\/v2\/types\/post"}],"author":[{"embeddable":true,"href":"https:\/\/diarioregionaldigital.com.br\/index.php?rest_route=\/wp\/v2\/users\/246"}],"replies":[{"embeddable":true,"href":"https:\/\/diarioregionaldigital.com.br\/index.php?rest_route=%2Fwp%2Fv2%2Fcomments&post=202372"}],"version-history":[{"count":2,"href":"https:\/\/diarioregionaldigital.com.br\/index.php?rest_route=\/wp\/v2\/posts\/202372\/revisions"}],"predecessor-version":[{"id":202376,"href":"https:\/\/diarioregionaldigital.com.br\/index.php?rest_route=\/wp\/v2\/posts\/202372\/revisions\/202376"}],"wp:featuredmedia":[{"embeddable":true,"href":"https:\/\/diarioregionaldigital.com.br\/index.php?rest_route=\/wp\/v2\/media\/202374"}],"wp:attachment":[{"href":"https:\/\/diarioregionaldigital.com.br\/index.php?rest_route=%2Fwp%2Fv2%2Fmedia&parent=202372"}],"wp:term":[{"taxonomy":"category","embeddable":true,"href":"https:\/\/diarioregionaldigital.com.br\/index.php?rest_route=%2Fwp%2Fv2%2Fcategories&post=202372"},{"taxonomy":"post_tag","embeddable":true,"href":"https:\/\/diarioregionaldigital.com.br\/index.php?rest_route=%2Fwp%2Fv2%2Ftags&post=202372"}],"curies":[{"name":"wp","href":"https:\/\/api.w.org\/{rel}","templated":true}]}}