{"id":202369,"date":"2022-07-29T20:08:48","date_gmt":"2022-07-29T23:08:48","guid":{"rendered":"https:\/\/diarioregionaldigital.com.br\/?p=202369"},"modified":"2022-07-29T20:08:48","modified_gmt":"2022-07-29T23:08:48","slug":"forum-marca-inicio-da-implantacao-do-polo-internacional-de-economia-criativa-em-juiz-de-fora","status":"publish","type":"post","link":"https:\/\/diarioregionaldigital.com.br\/?p=202369","title":{"rendered":"F\u00f3rum marca in\u00edcio da implanta\u00e7\u00e3o do polo internacional de economia criativa em Juiz de Fora"},"content":{"rendered":"<p>Segundo informa\u00e7\u00f5es do site da Prefeitura de Juiz de Fora (PJF), \u201cAcendeu uma chama de esperan\u00e7a de a gente poder, de fato, fazer algo por Juiz de Fora.\u201d Assim, a estudante de Psicologia, Mariana Cobuci, definiu a sua participa\u00e7\u00e3o no 1\u00ba F\u00f3rum Pr\u00f3ximo Futuro de Juiz de Fora, realizado nos \u00faltimos dias 26, 27 e 28 de julho, no Teatro Paschoal Carlos Magno. Durante os tr\u00eas dias, cerca de 300 pessoas participaram presencialmente do evento, aceitando o convite de refletir para construir uma nova realidade para a cidade. \u201cMe trouxe algumas reflex\u00f5es, alguns questionamentos do nosso papel como agentes dos espa\u00e7os que ocupamos\u201d, destacou Mariana.<br \/>\nO evento, realizado pela Prefeitura de Juiz de Fora (PJF), Instituto F\u00e1brica do Futuro e Sebrae Minas, reuniu especialistas e gestores de v\u00e1rias partes do Brasil e do mundo que pensam e trabalham a chamada \u201cnova economia\u201d, a economia criativa. \u201cFoi um imenso sucesso e conseguiu n\u00e3o apenas produzir discuss\u00f5es de alt\u00edssimo n\u00edvel, mas gerar expectativas, inspira\u00e7\u00f5es, esperan\u00e7as. As pessoas est\u00e3o motivadas, est\u00e3o interessadas nesta sgenda que \u00e9 definitivamente fundamental\u201d, disse a chefe do executivo municipal, Margarida Salom\u00e3o. \u201cO que desejamos \u00e9 a cidade necess\u00e1ria, a que n\u00e3o \u00e9, a que vir\u00e1 a ser. Por isso, ela se coloca no futuro, por isso estamos aqui movidos por essa expectativa e essa necessidade de construir, certamente, com a colabora\u00e7\u00e3o de todos e de todas\u201d.<br \/>\nO secret\u00e1rio de Desenvolvimento Sustent\u00e1vel e Inclusivo, da Inova\u00e7\u00e3o e Competitividade, Ignacio Delgado, destacou a participa\u00e7\u00e3o de diferentes redes e p\u00fablicos. \u201cO F\u00f3rum contou com a participa\u00e7\u00e3o de pessoas da cultura, m\u00eddia, de cria\u00e7\u00f5es funcionais e de tecnologia da informa\u00e7\u00e3o de Juiz de Fora, em um processo cujo prop\u00f3sito \u00e9 exatamente constituir uma rede de coopera\u00e7\u00e3o, para que essa potencialidade da cidade se materialize em instrumentos para levar adiante a economia criativa como um vetor do desenvolvimento\u201d, afirmou.<br \/>\nPara Ignacio, a cidade, pela sua trajet\u00f3ria de polo cultural e cient\u00edfico, com uma rica forma\u00e7\u00e3o profissional em atividades ligadas \u00e0s cria\u00e7\u00f5es funcionais e com tamb\u00e9m profissionais e ve\u00edculos de m\u00eddia de grande relev\u00e2ncia, tem tudo para ser um polo internacional da economia criativa\u00a0 \u201cn\u00e3o s\u00f3 acolhendo aquilo que aparece de mais contempor\u00e2neo e de fronteira no planeta nessa dire\u00e7\u00e3o, como tamb\u00e9m encontrando condi\u00e7\u00f5es para projetar para o Brasil e para o exterior aquilo que se faz aqui\u201d, explica. \u201cAgora \u00e9 colocar as m\u00e3os \u00e0 obra, construir a rede e os instrumentos necess\u00e1rios para que a economia criativa seja, efetivamente, uma das alternativas para o desenvolvimento da cidade. Para o nosso pr\u00f3ximo futuro\u201d.<br \/>\nPara a psic\u00f3loga Luciana Januzi, trata-se de uma iniciativa inovadora. \u201cAchei interessante para refletirmos um pouco sobre o que a gente viveu recentemente e o que a gente faz a respeito disso. Parar para refletir, para poder escutar outras pessoas, outras experi\u00eancias, \u00e9 muito importante. Achei bem inovador at\u00e9 mesmo pela nossa cidade, que n\u00e3o tinha tido essa oportunidade\u201d, avaliou.<br \/>\nA estudante do Bacharelado Interdisciplinar da Universidade Federal de Juiz de Fora, Helen Cristina, \u00e9 de Ouro Branco, e tamb\u00e9m aproveitou a oportunidade para ouvir as experi\u00eancias dos convidados. \u201cAchei o evento bem din\u00e2mico e legal, principalmente pela participa\u00e7\u00e3o das pessoas. Eu realmente achei bem interessante o jeito que os palestrantes abordaram as quest\u00f5es, deu pra entender exatamente o que eles estavam querendo passar\u201d.<br \/>\n<strong>Objetivos atingidos<\/strong><br \/>\nO 1\u00ba F\u00f3rum Pr\u00f3ximo Futuro de Juiz de Fora teve dois objetivos principais, como destacou a prefeita Margarida Salom\u00e3o, em carta publicada no ano passado. \u201cO primeiro, abrir caminhos para a ades\u00e3o de Juiz de Fora a plataformas globais de cidades que se orientam, em destaque, pela Agenda 21 da Cultura e pela Agenda 2030 das Na\u00e7\u00f5es Unidas. O segundo, gerar um ambiente favor\u00e1vel para o pensamento e a reflex\u00e3o, trocas de experi\u00eancias e conex\u00f5es, que possa formar uma \u2018rede de coopera\u00e7\u00e3o local\u2019 capaz de realizar em curto prazo a \u2018miss\u00e3o\u2019 de transformar nossa cidade de Juiz de Fora em um \u2018Polo Internacional de Economia Criativa\u2019.<br \/>\nEm ato simb\u00f3lico, durante o terceiro dia do evento, Juiz de Fora aderiu \u00e0 \u201cAgenda 21 da Cultura\u201d, documento internacional orientador das pol\u00edticas p\u00fablicas de cultura e uma contribui\u00e7\u00e3o para o desenvolvimento cultural da humanidade.<br \/>\nJ\u00e1 nesta sexta-feira, 29, em evento realizado no Moinho Zona Norte, uma grande rede de atores ligados \u00e0 economia criativa foi formada, para a constru\u00e7\u00e3o de um plano estrat\u00e9gico para tornar a cidade refer\u00eancia no setor. \u201cO que \u00e9 preciso entre n\u00f3s \u00e9 conex\u00e3o, e esse foi o prop\u00f3sito do f\u00f3rum, que depois de um longo per\u00edodo de prepara\u00e7\u00e3o envolvendo todos os setores, realizou-se nos \u00faltimos tr\u00eas dias, com uma programa\u00e7\u00e3o muito rica e plena de \u00eaxito\u201d, lembra o secret\u00e1rio Ignacio Delgado.<br \/>\nO diretor da F\u00e1brica do Futuro, C\u00e9sar Piva, lembrou os di\u00e1logos com setores locais durante a constru\u00e7\u00e3o do F\u00f3rum. \u201cDurante esses quatro meses na cidade, o que mais ouvi foi \u2018precisamos de conex\u00e3o\u2019. Isso de todos os setores: Cultura, TI, m\u00eddias, cria\u00e7\u00f5es funcionais, empres\u00e1rios, academia. Mandamos muito dinheiro embora. Outra fala \u00e9 \u2018visibilidade\u2019. A necessidade de falar para o mundo, o que est\u00e1 muito ligado a conex\u00e3o. Esse \u00e9 um desafio de todos n\u00f3s\u201d, avalia.<br \/>\nO Primeiro F\u00f3rum do Futuro de Juiz de Fora pode ser assistido, na \u00edntegra, atrav\u00e9s do\u00a0<a href=\"https:\/\/www.youtube.com\/results?search_query=prefeitura+de+juiz+de+fora\"><strong>link<\/strong><\/a>.<\/p>\n","protected":false},"excerpt":{"rendered":"<p>Segundo informa\u00e7\u00f5es do site da Prefeitura de Juiz de Fora (PJF), \u201cAcendeu uma chama de esperan\u00e7a de a gente poder, de fato, fazer algo por Juiz de Fora.\u201d Assim, a estudante de Psicologia, Mariana Cobuci, definiu a sua participa\u00e7\u00e3o no 1\u00ba F\u00f3rum Pr\u00f3ximo Futuro de Juiz de Fora, realizado nos \u00faltimos dias 26, 27 e [&hellip;]<\/p>\n","protected":false},"author":246,"featured_media":202370,"comment_status":"closed","ping_status":"closed","sticky":false,"template":"","format":"standard","meta":{"footnotes":""},"categories":[253,436,440,439],"tags":[],"class_list":["post-202369","post","type-post","status-publish","format-standard","has-post-thumbnail","hentry","category-cidade","category-destaque-da-semana","category-destaques-do-dia","category-ultima-hora"],"_links":{"self":[{"href":"https:\/\/diarioregionaldigital.com.br\/index.php?rest_route=\/wp\/v2\/posts\/202369","targetHints":{"allow":["GET"]}}],"collection":[{"href":"https:\/\/diarioregionaldigital.com.br\/index.php?rest_route=\/wp\/v2\/posts"}],"about":[{"href":"https:\/\/diarioregionaldigital.com.br\/index.php?rest_route=\/wp\/v2\/types\/post"}],"author":[{"embeddable":true,"href":"https:\/\/diarioregionaldigital.com.br\/index.php?rest_route=\/wp\/v2\/users\/246"}],"replies":[{"embeddable":true,"href":"https:\/\/diarioregionaldigital.com.br\/index.php?rest_route=%2Fwp%2Fv2%2Fcomments&post=202369"}],"version-history":[{"count":2,"href":"https:\/\/diarioregionaldigital.com.br\/index.php?rest_route=\/wp\/v2\/posts\/202369\/revisions"}],"predecessor-version":[{"id":202373,"href":"https:\/\/diarioregionaldigital.com.br\/index.php?rest_route=\/wp\/v2\/posts\/202369\/revisions\/202373"}],"wp:featuredmedia":[{"embeddable":true,"href":"https:\/\/diarioregionaldigital.com.br\/index.php?rest_route=\/wp\/v2\/media\/202370"}],"wp:attachment":[{"href":"https:\/\/diarioregionaldigital.com.br\/index.php?rest_route=%2Fwp%2Fv2%2Fmedia&parent=202369"}],"wp:term":[{"taxonomy":"category","embeddable":true,"href":"https:\/\/diarioregionaldigital.com.br\/index.php?rest_route=%2Fwp%2Fv2%2Fcategories&post=202369"},{"taxonomy":"post_tag","embeddable":true,"href":"https:\/\/diarioregionaldigital.com.br\/index.php?rest_route=%2Fwp%2Fv2%2Ftags&post=202369"}],"curies":[{"name":"wp","href":"https:\/\/api.w.org\/{rel}","templated":true}]}}