{"id":202365,"date":"2022-07-29T19:56:08","date_gmt":"2022-07-29T22:56:08","guid":{"rendered":"https:\/\/diarioregionaldigital.com.br\/?p=202365"},"modified":"2022-07-29T19:56:08","modified_gmt":"2022-07-29T22:56:08","slug":"sao-paulo-vence-america-mg-e-sai-em-vantagem-na-copa-do-brasil","status":"publish","type":"post","link":"https:\/\/diarioregionaldigital.com.br\/?p=202365","title":{"rendered":"S\u00e3o Paulo vence Am\u00e9rica-MG e sai em vantagem na Copa do Brasil"},"content":{"rendered":"<p>O S\u00e3o Paulo abriu vantagem sobre o Am\u00e9rica-MG pelas quartas de final da Copa do Brasil. Nesta quinta-feira (28), o Tricolor venceu o primeiro jogo do confronto por 1 a 0 no Morumbi, na capital paulista.<img decoding=\"async\" src=\"https:\/\/agenciabrasil.ebc.com.br\/ebc.png?id=1473341&amp;o=node\" \/><img decoding=\"async\" src=\"https:\/\/agenciabrasil.ebc.com.br\/ebc.gif?id=1473341&amp;o=node\" \/><\/p>\n<p>A partida de volta ser\u00e1 no pr\u00f3ximo dia 18 de agosto, novamente uma quinta-feira, \u00e0s 21h (hor\u00e1rio de Bras\u00edlia), no Independ\u00eancia, em Belo Horizonte. A equipe paulista tem a vantagem do empate. Os mineiros precisam ganhar por dois ou mais gols de diferen\u00e7a no tempo normal. Caso o placar agregado termine igualado, a decis\u00e3o da vaga ser\u00e1 nos p\u00eanaltis.<\/p>\n<p>Apesar de maior presen\u00e7a ofensiva, o S\u00e3o Paulo demorou a chegar com perigo \u00e0 meta do Am\u00e9rica. Quando conseguiu, balan\u00e7ou as redes. Aos 34 minutos, o lateral Igor Vin\u00edcius cruzou pela direita e o atacante Luciano cabeceou para abrir o placar. O Coelho assustou somente aos 45, em cabe\u00e7ada do zagueiro Iago Maidana, na segunda trave, que saiu por cima do gol.<\/p>\n<p>Na etapa final, o Tricolor seguiu com dificuldades para superar a zaga do Am\u00e9rica. Aos 20 minutos, Thiago Couto derrubou o atacante Henrique Almeida na \u00e1rea. Iago Maidana teve a chance do empate, mas bateu fraco a penalidade, defendida pelo goleiro s\u00e3o-paulino, substituto do contundido Jandrei. O S\u00e3o Paulo melhorou ap\u00f3s a oportunidade desperdi\u00e7ada pela equipe mineira e quase ampliou aos 41, em conclus\u00e3o do meia Giuliano Galoppo, estreante da noite, que foi rente \u00e0 meta do Coelho.<\/p>\n<p>Os dois times voltam a campo no domingo (31), pela 20\u00aa rodada do Campeonato Brasileiro. O S\u00e3o Paulo enfrenta o Athletico-PR \u00e0s 16h, na Arena da Baixada, em Curitiba. Em seguida, \u00e0s 18h, o Am\u00e9rica encara o Ava\u00ed no Independ\u00eancia.<\/p>\n<p><span style=\"font-weight: 400;\">Fonte: Ag\u00eancia Brasil <\/span><\/p>\n","protected":false},"excerpt":{"rendered":"<p>O S\u00e3o Paulo abriu vantagem sobre o Am\u00e9rica-MG pelas quartas de final da Copa do Brasil. Nesta quinta-feira (28), o Tricolor venceu o primeiro jogo do confronto por 1 a 0 no Morumbi, na capital paulista. A partida de volta ser\u00e1 no pr\u00f3ximo dia 18 de agosto, novamente uma quinta-feira, \u00e0s 21h (hor\u00e1rio de Bras\u00edlia), [&hellip;]<\/p>\n","protected":false},"author":246,"featured_media":202366,"comment_status":"closed","ping_status":"closed","sticky":false,"template":"","format":"standard","meta":{"footnotes":""},"categories":[436,257,439],"tags":[],"class_list":["post-202365","post","type-post","status-publish","format-standard","has-post-thumbnail","hentry","category-destaque-da-semana","category-esporte","category-ultima-hora"],"_links":{"self":[{"href":"https:\/\/diarioregionaldigital.com.br\/index.php?rest_route=\/wp\/v2\/posts\/202365","targetHints":{"allow":["GET"]}}],"collection":[{"href":"https:\/\/diarioregionaldigital.com.br\/index.php?rest_route=\/wp\/v2\/posts"}],"about":[{"href":"https:\/\/diarioregionaldigital.com.br\/index.php?rest_route=\/wp\/v2\/types\/post"}],"author":[{"embeddable":true,"href":"https:\/\/diarioregionaldigital.com.br\/index.php?rest_route=\/wp\/v2\/users\/246"}],"replies":[{"embeddable":true,"href":"https:\/\/diarioregionaldigital.com.br\/index.php?rest_route=%2Fwp%2Fv2%2Fcomments&post=202365"}],"version-history":[{"count":2,"href":"https:\/\/diarioregionaldigital.com.br\/index.php?rest_route=\/wp\/v2\/posts\/202365\/revisions"}],"predecessor-version":[{"id":202368,"href":"https:\/\/diarioregionaldigital.com.br\/index.php?rest_route=\/wp\/v2\/posts\/202365\/revisions\/202368"}],"wp:featuredmedia":[{"embeddable":true,"href":"https:\/\/diarioregionaldigital.com.br\/index.php?rest_route=\/wp\/v2\/media\/202366"}],"wp:attachment":[{"href":"https:\/\/diarioregionaldigital.com.br\/index.php?rest_route=%2Fwp%2Fv2%2Fmedia&parent=202365"}],"wp:term":[{"taxonomy":"category","embeddable":true,"href":"https:\/\/diarioregionaldigital.com.br\/index.php?rest_route=%2Fwp%2Fv2%2Fcategories&post=202365"},{"taxonomy":"post_tag","embeddable":true,"href":"https:\/\/diarioregionaldigital.com.br\/index.php?rest_route=%2Fwp%2Fv2%2Ftags&post=202365"}],"curies":[{"name":"wp","href":"https:\/\/api.w.org\/{rel}","templated":true}]}}