{"id":202362,"date":"2022-07-29T19:54:13","date_gmt":"2022-07-29T22:54:13","guid":{"rendered":"https:\/\/diarioregionaldigital.com.br\/?p=202362"},"modified":"2022-07-29T19:54:13","modified_gmt":"2022-07-29T22:54:13","slug":"copa-do-brasil-fluminense-supera-fortaleza-pelas-quartas-de-final","status":"publish","type":"post","link":"https:\/\/diarioregionaldigital.com.br\/?p=202362","title":{"rendered":"Copa do Brasil: Fluminense supera Fortaleza pelas quartas de final"},"content":{"rendered":"<p>O Fluminense saiu na frente do Fortaleza pelas quartas de final da Copa do Brasil. Nesta quinta-feira (28), o Tricolor carioca superou o Le\u00e3o do Pici por 1 a 0, na Arena Castel\u00e3o, na partida de ida do confronto.<img decoding=\"async\" src=\"https:\/\/agenciabrasil.ebc.com.br\/ebc.png?id=1473345&amp;o=node\" \/><img decoding=\"async\" src=\"https:\/\/agenciabrasil.ebc.com.br\/ebc.gif?id=1473345&amp;o=node\" \/><\/p>\n<p>O segundo jogo ser\u00e1 no dia 17 de agosto, uma quarta-feira, \u00e0s 20h (hor\u00e1rio de Bras\u00edlia), no Maracan\u00e3. A equipe do Rio de Janeiro tem a vantagem do empate. Os cearenses precisam vencer por dois ou mais gols de saldo no tempo normal. Se na soma dos resultados, ao final dos pr\u00f3ximos 90 minutos, os times estiverem empatados, o classificado \u00e0s semifinais ser\u00e1 conhecido nos p\u00eanaltis.<\/p>\n<p>Mesmo longe de casa, o Fluminense comandou as a\u00e7\u00f5es do primeiro tempo. Aos 26 minutos, o volante Nonato mandou para as redes um passe de calcanhar do meia Paulo Henrique Ganso, mas o gol foi anulado, com interven\u00e7\u00e3o do \u00e1rbitro de v\u00eddeo (VAR), por falta de Germ\u00e1n Cano no tamb\u00e9m atacante R\u00f3bson, na origem do lance. Aos 34, Nonato aproveitou nova assist\u00eancia de calcanhar, agora de Cano, para, desta vez, colocar o Tricolor \u00e0 frente.<\/p>\n<p>O Fortaleza voltou do intervalo mais agressivo. Aos sete minutos, ap\u00f3s desvio do zagueiro Marcelo Benevenuto, R\u00f3bson acertou um voleio no travess\u00e3o. Aos 21, o meia Lucas Crispim arriscou de fora da \u00e1rea, mas parou na trave. Aos 41 minutos, Romarinho cruzou da direita e o tamb\u00e9m atacante S\u00edlvio Romero concluiu para as redes. O VAR, por\u00e9m, viu impedimento do argentino e o gol foi anulado. Apesar da press\u00e3o, o Le\u00e3o do Pici n\u00e3o reverteu a desvantagem.<\/p>\n<p>As equipes mudam a chave para o Campeonato Brasileiro. No domingo (31), \u00e0s 18h, o Fortaleza vai a Cuiab\u00e1 enfrentar o time da casa na Arena Pantanal. Na segunda-feira (1\u00ba), \u00e0s 20h, o Fluminense pega o Santos na Vila Belmiro, em Santos (SP). Os duelos valem pela 20\u00aa rodada da competi\u00e7\u00e3o.<\/p>\n<p><span style=\"font-weight: 400;\">Fonte: Ag\u00eancia Brasil <\/span><\/p>\n","protected":false},"excerpt":{"rendered":"<p>O Fluminense saiu na frente do Fortaleza pelas quartas de final da Copa do Brasil. Nesta quinta-feira (28), o Tricolor carioca superou o Le\u00e3o do Pici por 1 a 0, na Arena Castel\u00e3o, na partida de ida do confronto. O segundo jogo ser\u00e1 no dia 17 de agosto, uma quarta-feira, \u00e0s 20h (hor\u00e1rio de Bras\u00edlia), [&hellip;]<\/p>\n","protected":false},"author":246,"featured_media":202363,"comment_status":"closed","ping_status":"closed","sticky":false,"template":"","format":"standard","meta":{"footnotes":""},"categories":[436,257,439],"tags":[],"class_list":["post-202362","post","type-post","status-publish","format-standard","has-post-thumbnail","hentry","category-destaque-da-semana","category-esporte","category-ultima-hora"],"_links":{"self":[{"href":"https:\/\/diarioregionaldigital.com.br\/index.php?rest_route=\/wp\/v2\/posts\/202362","targetHints":{"allow":["GET"]}}],"collection":[{"href":"https:\/\/diarioregionaldigital.com.br\/index.php?rest_route=\/wp\/v2\/posts"}],"about":[{"href":"https:\/\/diarioregionaldigital.com.br\/index.php?rest_route=\/wp\/v2\/types\/post"}],"author":[{"embeddable":true,"href":"https:\/\/diarioregionaldigital.com.br\/index.php?rest_route=\/wp\/v2\/users\/246"}],"replies":[{"embeddable":true,"href":"https:\/\/diarioregionaldigital.com.br\/index.php?rest_route=%2Fwp%2Fv2%2Fcomments&post=202362"}],"version-history":[{"count":1,"href":"https:\/\/diarioregionaldigital.com.br\/index.php?rest_route=\/wp\/v2\/posts\/202362\/revisions"}],"predecessor-version":[{"id":202364,"href":"https:\/\/diarioregionaldigital.com.br\/index.php?rest_route=\/wp\/v2\/posts\/202362\/revisions\/202364"}],"wp:featuredmedia":[{"embeddable":true,"href":"https:\/\/diarioregionaldigital.com.br\/index.php?rest_route=\/wp\/v2\/media\/202363"}],"wp:attachment":[{"href":"https:\/\/diarioregionaldigital.com.br\/index.php?rest_route=%2Fwp%2Fv2%2Fmedia&parent=202362"}],"wp:term":[{"taxonomy":"category","embeddable":true,"href":"https:\/\/diarioregionaldigital.com.br\/index.php?rest_route=%2Fwp%2Fv2%2Fcategories&post=202362"},{"taxonomy":"post_tag","embeddable":true,"href":"https:\/\/diarioregionaldigital.com.br\/index.php?rest_route=%2Fwp%2Fv2%2Ftags&post=202362"}],"curies":[{"name":"wp","href":"https:\/\/api.w.org\/{rel}","templated":true}]}}