{"id":202355,"date":"2022-07-29T19:51:15","date_gmt":"2022-07-29T22:51:15","guid":{"rendered":"https:\/\/diarioregionaldigital.com.br\/?p=202355"},"modified":"2022-07-29T19:51:15","modified_gmt":"2022-07-29T22:51:15","slug":"lais-nunes-se-classifica-a-final-de-torneio-de-wrestling-na-romenia","status":"publish","type":"post","link":"https:\/\/diarioregionaldigital.com.br\/?p=202355","title":{"rendered":"La\u00eds Nunes se classifica \u00e0 final de torneio de wrestling na Rom\u00eania"},"content":{"rendered":"<p>A brasileira La\u00eds Nunes se classificou nesta sexta-feira (29) \u00e0 final do estilo livre, categoria at\u00e9 62 quilos, do Torneio Internacional da Rom\u00eania, na capital Bucareste.\u00a0A luta valendo a\u00a0medalha de ouro ser\u00e1 contra a alem\u00e3 Luisa Niemesch, neste s\u00e1bado (30), entre 13h e 14h30 (hor\u00e1rio de Bras\u00edlia). A competi\u00e7\u00e3o serve de preparat\u00f3rio\u00a0para o Mundial em Belgrado (S\u00e9rvia), com in\u00edcio em 10 de setembro.<img decoding=\"async\" src=\"https:\/\/agenciabrasil.ebc.com.br\/ebc.png?id=1473477&amp;o=node\" \/><img decoding=\"async\" src=\"https:\/\/agenciabrasil.ebc.com.br\/ebc.gif?id=1473477&amp;o=node\" \/><\/p>\n<p>N\u00famero tr\u00eas no ranking mundial, La\u00eds Nunes estreou na fase de quartas de final com vit\u00f3ria\u00a0acachapante sobre a francesa Iris Thiebaux, por 10 a 0. Depois, na semi, a brasileira derrotou por 2 a 1 a b\u00falgara Bilyana Dudov.<\/p>\n<p>Atleta ol\u00edmpica na Rio 2016\u00a0e T\u00f3quio 2020, La\u00eds\u00a0vem somando bons resultados antes do Mundial. Nas duas \u00faltimas semanas faturou\u00a0<a href=\"https:\/\/agenciabrasil.ebc.com.br\/esportes\/noticia\/2022-07\/wrestling-brasil-garante-ouro-e-mais-4-podios-em-estreia-na-tunisia\">prata no Ranking S\u00e9ries da Tun\u00edsia\u00a0<\/a>e bronze no Aberto da Pol\u00f4nia.<\/p>\n<p><span style=\"font-weight: 400;\">Fonte: Ag\u00eancia Brasil <\/span><\/p>\n","protected":false},"excerpt":{"rendered":"<p>A brasileira La\u00eds Nunes se classificou nesta sexta-feira (29) \u00e0 final do estilo livre, categoria at\u00e9 62 quilos, do Torneio Internacional da Rom\u00eania, na capital Bucareste.\u00a0A luta valendo a\u00a0medalha de ouro ser\u00e1 contra a alem\u00e3 Luisa Niemesch, neste s\u00e1bado (30), entre 13h e 14h30 (hor\u00e1rio de Bras\u00edlia). A competi\u00e7\u00e3o serve de preparat\u00f3rio\u00a0para o Mundial em [&hellip;]<\/p>\n","protected":false},"author":246,"featured_media":202356,"comment_status":"closed","ping_status":"closed","sticky":false,"template":"","format":"standard","meta":{"footnotes":""},"categories":[436,440,257,439],"tags":[],"class_list":["post-202355","post","type-post","status-publish","format-standard","has-post-thumbnail","hentry","category-destaque-da-semana","category-destaques-do-dia","category-esporte","category-ultima-hora"],"_links":{"self":[{"href":"https:\/\/diarioregionaldigital.com.br\/index.php?rest_route=\/wp\/v2\/posts\/202355","targetHints":{"allow":["GET"]}}],"collection":[{"href":"https:\/\/diarioregionaldigital.com.br\/index.php?rest_route=\/wp\/v2\/posts"}],"about":[{"href":"https:\/\/diarioregionaldigital.com.br\/index.php?rest_route=\/wp\/v2\/types\/post"}],"author":[{"embeddable":true,"href":"https:\/\/diarioregionaldigital.com.br\/index.php?rest_route=\/wp\/v2\/users\/246"}],"replies":[{"embeddable":true,"href":"https:\/\/diarioregionaldigital.com.br\/index.php?rest_route=%2Fwp%2Fv2%2Fcomments&post=202355"}],"version-history":[{"count":1,"href":"https:\/\/diarioregionaldigital.com.br\/index.php?rest_route=\/wp\/v2\/posts\/202355\/revisions"}],"predecessor-version":[{"id":202357,"href":"https:\/\/diarioregionaldigital.com.br\/index.php?rest_route=\/wp\/v2\/posts\/202355\/revisions\/202357"}],"wp:featuredmedia":[{"embeddable":true,"href":"https:\/\/diarioregionaldigital.com.br\/index.php?rest_route=\/wp\/v2\/media\/202356"}],"wp:attachment":[{"href":"https:\/\/diarioregionaldigital.com.br\/index.php?rest_route=%2Fwp%2Fv2%2Fmedia&parent=202355"}],"wp:term":[{"taxonomy":"category","embeddable":true,"href":"https:\/\/diarioregionaldigital.com.br\/index.php?rest_route=%2Fwp%2Fv2%2Fcategories&post=202355"},{"taxonomy":"post_tag","embeddable":true,"href":"https:\/\/diarioregionaldigital.com.br\/index.php?rest_route=%2Fwp%2Fv2%2Ftags&post=202355"}],"curies":[{"name":"wp","href":"https:\/\/api.w.org\/{rel}","templated":true}]}}