{"id":202349,"date":"2022-07-29T19:41:37","date_gmt":"2022-07-29T22:41:37","guid":{"rendered":"https:\/\/diarioregionaldigital.com.br\/?p=202349"},"modified":"2022-07-29T19:41:37","modified_gmt":"2022-07-29T22:41:37","slug":"camara-promove-9o-seminario-legislativo-de-arquitetura-e-urbanismo","status":"publish","type":"post","link":"https:\/\/diarioregionaldigital.com.br\/?p=202349","title":{"rendered":"C\u00e2mara promove 9\u00ba Semin\u00e1rio Legislativo de Arquitetura e Urbanismo"},"content":{"rendered":"<p>A <span id=\"4085\" class=\"termoGlossario\" title=\"\" contenteditable=\"false\" data-toggle=\"tooltip\" data-placement=\"top\" data-original-title=\"Comiss\u00e3o da C\u00e2mara que recebe propostas de associa\u00e7\u00f5es e \u00f3rg\u00e3os de classe, sindicatos e demais entidades organizadas da sociedade civil, exceto partidos pol\u00edticos. Todas as sugest\u00f5es apresentadas s\u00e3o examinadas e, se aprovadas, transformadas em projetos de lei, que passam a tramitar normalmente na C\u00e2mara.\">Comiss\u00e3o de Legisla\u00e7\u00e3o Participativa<\/span> da C\u00e2mara dos Deputados, em parceria com o Conselho de Arquitetura e Urbanismo do Brasil (CAU\/BR), promove nesta quinta-feira (4) a 9\u00aa edi\u00e7\u00e3o do Semin\u00e1rio Legislativo de Arquitetura e Urbanismo.<\/p>\n<p>O evento discutir\u00e1 a Carta Aberta aos (\u00e0s) Candidatos (as) nas Elei\u00e7\u00f5es de 2022, que apresenta o manifesto e as propostas do CAU Brasil e de outras entidades de arquitetura e urbanismo para a constru\u00e7\u00e3o de uma pol\u00edtica de desenvolvimento econ\u00f4mico e social e de ordenamento territorial do Pa\u00eds.<\/p>\n<p>O semin\u00e1rio ser\u00e1 dividido em sete mesas de debate, conforme os eixos que estruturam o documento:<br \/>\na) planejamento das cidades e de regi\u00f5es;<br \/>\nb) habita\u00e7\u00e3o, sa\u00fade p\u00fablica e meio ambiente;<br \/>\nc) organiza\u00e7\u00e3o e pol\u00edticas de Estado;<br \/>\nd) valoriza\u00e7\u00e3o da arquitetura e do urbanismo;<br \/>\ne) tributos e trabalho;<br \/>\nf) educa\u00e7\u00e3o; e<br \/>\ng) rela\u00e7\u00e3o com a sociedade.<\/p>\n<p>Autor do requerimento para realiza\u00e7\u00e3o do semin\u00e1rio, o deputado <a href=\"https:\/\/www.camara.leg.br\/deputados\/160604\">Pedro Uczai (PT-SC)<\/a> destaca que, com a aproxima\u00e7\u00e3o das elei\u00e7\u00f5es, o evento ser\u00e1 uma oportunidade para o estabelecimento de agendas nacional e regionais de desenvolvimento social e econ\u00f4mico que priorizem a qualidade e o cuidado com a vida da popula\u00e7\u00e3o brasileira. &#8220;O debate facilitar\u00e1 a participa\u00e7\u00e3o da sociedade civil na elabora\u00e7\u00e3o de propostas legislativas voltadas para esse objetivo&#8221;, acrescenta.<\/p>\n<p><strong>Palestrantes<\/strong><br \/>\nParticipar\u00e3o das discuss\u00f5es:<br \/>\n&#8211; a presidente do CAU\/BR, N\u00e1dia Somekh;<br \/>\n&#8211; a presidente da Associa\u00e7\u00e3o Brasileira de Arquitetos Paisagistas, Luciana Schenk;<br \/>\n&#8211; a presidente da Associa\u00e7\u00e3o Brasileira de Ensino em Arquitetura e Urbanismo, Ana Maria Reis de Goes Monteiro;<br \/>\n&#8211; o presidente da Associa\u00e7\u00e3o Brasileira dos Escrit\u00f3rios de Arquitetura, Danilo Silva Batista;<br \/>\n&#8211; a presidente da Federa\u00e7\u00e3o Nacional dos Arquitetos e Urbanistas, Eleonora Mascia;<br \/>\n&#8211; o diretor-geral da Federa\u00e7\u00e3o Nacional de Estudantes de Arquitetura e Urbanismo do Brasil, Luccas Brito Nunes Moreira; e<br \/>\n&#8211; a presidente do Diret\u00f3rio Nacional do Instituto de Arquitetos do Brasil, Maria Elisa Baptista.<\/p>\n<p><strong>Como assistir<\/strong><br \/>\nO evento ser\u00e1 realizado no plen\u00e1rio 3, \u00e0s 10 horas. <a href=\"https:\/\/edemocracia.camara.leg.br\/audiencias\/sala\/2842\/\">Os internautas poder\u00e3o acompanhar as discuss\u00f5es ao vivo e enviar perguntas aos participantes por meio do portal e-Democracia<\/a>.<\/p>\n<p>Fonte: Ag\u00eancia C\u00e2mara de Not\u00edcias<\/p>\n","protected":false},"excerpt":{"rendered":"<p>A Comiss\u00e3o de Legisla\u00e7\u00e3o Participativa da C\u00e2mara dos Deputados, em parceria com o Conselho de Arquitetura e Urbanismo do Brasil (CAU\/BR), promove nesta quinta-feira (4) a 9\u00aa edi\u00e7\u00e3o do Semin\u00e1rio Legislativo de Arquitetura e Urbanismo. O evento discutir\u00e1 a Carta Aberta aos (\u00e0s) Candidatos (as) nas Elei\u00e7\u00f5es de 2022, que apresenta o manifesto e as [&hellip;]<\/p>\n","protected":false},"author":246,"featured_media":202350,"comment_status":"closed","ping_status":"closed","sticky":false,"template":"","format":"standard","meta":{"footnotes":""},"categories":[436,254,439],"tags":[],"class_list":["post-202349","post","type-post","status-publish","format-standard","has-post-thumbnail","hentry","category-destaque-da-semana","category-politica","category-ultima-hora"],"_links":{"self":[{"href":"https:\/\/diarioregionaldigital.com.br\/index.php?rest_route=\/wp\/v2\/posts\/202349","targetHints":{"allow":["GET"]}}],"collection":[{"href":"https:\/\/diarioregionaldigital.com.br\/index.php?rest_route=\/wp\/v2\/posts"}],"about":[{"href":"https:\/\/diarioregionaldigital.com.br\/index.php?rest_route=\/wp\/v2\/types\/post"}],"author":[{"embeddable":true,"href":"https:\/\/diarioregionaldigital.com.br\/index.php?rest_route=\/wp\/v2\/users\/246"}],"replies":[{"embeddable":true,"href":"https:\/\/diarioregionaldigital.com.br\/index.php?rest_route=%2Fwp%2Fv2%2Fcomments&post=202349"}],"version-history":[{"count":1,"href":"https:\/\/diarioregionaldigital.com.br\/index.php?rest_route=\/wp\/v2\/posts\/202349\/revisions"}],"predecessor-version":[{"id":202351,"href":"https:\/\/diarioregionaldigital.com.br\/index.php?rest_route=\/wp\/v2\/posts\/202349\/revisions\/202351"}],"wp:featuredmedia":[{"embeddable":true,"href":"https:\/\/diarioregionaldigital.com.br\/index.php?rest_route=\/wp\/v2\/media\/202350"}],"wp:attachment":[{"href":"https:\/\/diarioregionaldigital.com.br\/index.php?rest_route=%2Fwp%2Fv2%2Fmedia&parent=202349"}],"wp:term":[{"taxonomy":"category","embeddable":true,"href":"https:\/\/diarioregionaldigital.com.br\/index.php?rest_route=%2Fwp%2Fv2%2Fcategories&post=202349"},{"taxonomy":"post_tag","embeddable":true,"href":"https:\/\/diarioregionaldigital.com.br\/index.php?rest_route=%2Fwp%2Fv2%2Ftags&post=202349"}],"curies":[{"name":"wp","href":"https:\/\/api.w.org\/{rel}","templated":true}]}}