{"id":202343,"date":"2022-07-29T19:33:40","date_gmt":"2022-07-29T22:33:40","guid":{"rendered":"https:\/\/diarioregionaldigital.com.br\/?p=202343"},"modified":"2022-07-29T19:33:40","modified_gmt":"2022-07-29T22:33:40","slug":"camara-faz-esforco-concentrado-de-votacoes-a-partir-de-segunda-feira","status":"publish","type":"post","link":"https:\/\/diarioregionaldigital.com.br\/?p=202343","title":{"rendered":"C\u00e2mara faz esfor\u00e7o concentrado de vota\u00e7\u00f5es a partir de segunda-feira"},"content":{"rendered":"<p>O Plen\u00e1rio da C\u00e2mara dos Deputados se re\u00fane nesta segunda-feira (1\u00ba), \u00e0s 17 horas, para o in\u00edcio da semana de <span id=\"4254\" class=\"termoGlossario\" title=\"\" contenteditable=\"false\" data-toggle=\"tooltip\" data-placement=\"top\" data-original-title=\"Designa\u00e7\u00e3o informal para per\u00edodos de sess\u00f5es extraordin\u00e1rias destinadas exclusivamente \u00e0 discuss\u00e3o e vota\u00e7\u00e3o de mat\u00e9rias. Pode ser convocado por iniciativa do presidente da C\u00e2mara, por proposta do Col\u00e9gio de L\u00edderes ou mediante delibera\u00e7\u00e3o do Plen\u00e1rio sobre requerimento de pelo menos um d\u00e9cimo dos deputados.\">esfor\u00e7o concentrado<\/span> de vota\u00e7\u00f5es ap\u00f3s o <span id=\"4275\" class=\"termoGlossario\" title=\"\" contenteditable=\"false\" data-toggle=\"tooltip\" data-placement=\"top\" data-original-title=\"Interrup\u00e7\u00e3o tempor\u00e1ria das atividades legislativas. N\u00e3o havendo convoca\u00e7\u00e3o para sess\u00e3o legislativa extraordin\u00e1ria, o recesso da C\u00e2mara e do Senado ser\u00e1 de 18 a 31 de julho e de 23 de dezembro a 1\u00ba de fevereiro.\">recesso parlamentar<\/span> de julho. Entre os itens em pauta est\u00e3o sete medidas provis\u00f3rias (MPs), duas das quais vencem na primeira semana de agosto.<\/p>\n<p>H\u00e1 previs\u00e3o de sess\u00f5es ainda na ter\u00e7a e na quarta-feira \u00e0s 13h55, e \u00e0s 9 horas na quinta e na sexta-feira.<\/p>\n<p>A primeira medida provis\u00f3ria da pauta (<a href=\"https:\/\/www.camara.leg.br\/noticias\/861554-medida-provisoria-regulamenta-teletrabalho-e-muda-regras-do-auxilio-alimentacao\">MP 1108\/22<\/a>) \u00e9 a que\u00a0regulamenta o teletrabalho. O objetivo, segundo o governo federal, \u00e9 aumentar a seguran\u00e7a jur\u00eddica dessa modalidade de trabalho. A norma define teletrabalho (ou trabalho remoto) como a presta\u00e7\u00e3o de servi\u00e7os fora das depend\u00eancias da empresa, de maneira preponderante ou h\u00edbrida, que, por sua natureza, n\u00e3o pode ser caracterizada como trabalho externo. O texto tamb\u00e9m muda regras do aux\u00edlio-alimenta\u00e7\u00e3o (o popular vale-refei\u00e7\u00e3o ou vale-alimenta\u00e7\u00e3o).<\/p>\n<p>J\u00e1 a <a href=\"https:\/\/www.camara.leg.br\/noticias\/861516-mp-institui-medidas-trabalhistas-para-situacoes-de-calamidade-publica-reconhecidas-pelo-governo\">Medida Provis\u00f3ria 1109\/22<\/a> autoriza a ado\u00e7\u00e3o de regras trabalhistas diferenciadas em situa\u00e7\u00f5es de calamidade p\u00fablica, entre elas a possibilidade de empresas cortarem ou suspenderem temporariamente jornadas e sal\u00e1rios dos trabalhadores. Ao todo, o texto recebeu 148 emendas.<\/p>\n<p><strong>Mercado de trabalho<\/strong><br \/>\nTamb\u00e9m est\u00e1 na pauta a <a class=\"linkProposicao\" href=\"https:\/\/www.camara.leg.br\/noticias\/871892-mp-institui-programa-para-estimular-empregos-para-mulheres-e-jovens\">MP 1116\/22<\/a>, que institui o Programa Emprega + Mulheres e Jovens, para inser\u00e7\u00e3o e manuten\u00e7\u00e3o desse p\u00fablico no mercado de trabalho.<\/p>\n<p>A norma cria medidas para impulsionar a empregabilidade das mulheres, como a flexibiliza\u00e7\u00e3o do regime de trabalho \u2013 com ado\u00e7\u00e3o de jornada parcial e banco de horas, por exemplo; qualifica\u00e7\u00e3o em \u00e1reas estrat\u00e9gicas a fim de estimular a ascens\u00e3o profissional; e apoio na volta ao trabalho ap\u00f3s a licen\u00e7a-maternidade.<\/p>\n<p>Fonte: Ag\u00eancia C\u00e2mara de Not\u00edcias<\/p>\n","protected":false},"excerpt":{"rendered":"<p>O Plen\u00e1rio da C\u00e2mara dos Deputados se re\u00fane nesta segunda-feira (1\u00ba), \u00e0s 17 horas, para o in\u00edcio da semana de esfor\u00e7o concentrado de vota\u00e7\u00f5es ap\u00f3s o recesso parlamentar de julho. Entre os itens em pauta est\u00e3o sete medidas provis\u00f3rias (MPs), duas das quais vencem na primeira semana de agosto. H\u00e1 previs\u00e3o de sess\u00f5es ainda na [&hellip;]<\/p>\n","protected":false},"author":246,"featured_media":202344,"comment_status":"closed","ping_status":"closed","sticky":false,"template":"","format":"standard","meta":{"footnotes":""},"categories":[436,440,254,439],"tags":[],"class_list":["post-202343","post","type-post","status-publish","format-standard","has-post-thumbnail","hentry","category-destaque-da-semana","category-destaques-do-dia","category-politica","category-ultima-hora"],"_links":{"self":[{"href":"https:\/\/diarioregionaldigital.com.br\/index.php?rest_route=\/wp\/v2\/posts\/202343","targetHints":{"allow":["GET"]}}],"collection":[{"href":"https:\/\/diarioregionaldigital.com.br\/index.php?rest_route=\/wp\/v2\/posts"}],"about":[{"href":"https:\/\/diarioregionaldigital.com.br\/index.php?rest_route=\/wp\/v2\/types\/post"}],"author":[{"embeddable":true,"href":"https:\/\/diarioregionaldigital.com.br\/index.php?rest_route=\/wp\/v2\/users\/246"}],"replies":[{"embeddable":true,"href":"https:\/\/diarioregionaldigital.com.br\/index.php?rest_route=%2Fwp%2Fv2%2Fcomments&post=202343"}],"version-history":[{"count":1,"href":"https:\/\/diarioregionaldigital.com.br\/index.php?rest_route=\/wp\/v2\/posts\/202343\/revisions"}],"predecessor-version":[{"id":202345,"href":"https:\/\/diarioregionaldigital.com.br\/index.php?rest_route=\/wp\/v2\/posts\/202343\/revisions\/202345"}],"wp:featuredmedia":[{"embeddable":true,"href":"https:\/\/diarioregionaldigital.com.br\/index.php?rest_route=\/wp\/v2\/media\/202344"}],"wp:attachment":[{"href":"https:\/\/diarioregionaldigital.com.br\/index.php?rest_route=%2Fwp%2Fv2%2Fmedia&parent=202343"}],"wp:term":[{"taxonomy":"category","embeddable":true,"href":"https:\/\/diarioregionaldigital.com.br\/index.php?rest_route=%2Fwp%2Fv2%2Fcategories&post=202343"},{"taxonomy":"post_tag","embeddable":true,"href":"https:\/\/diarioregionaldigital.com.br\/index.php?rest_route=%2Fwp%2Fv2%2Ftags&post=202343"}],"curies":[{"name":"wp","href":"https:\/\/api.w.org\/{rel}","templated":true}]}}