{"id":202337,"date":"2022-07-29T19:26:48","date_gmt":"2022-07-29T22:26:48","guid":{"rendered":"https:\/\/diarioregionaldigital.com.br\/?p=202337"},"modified":"2022-07-29T19:26:48","modified_gmt":"2022-07-29T22:26:48","slug":"governo-assina-renovacao-antecipada-da-malha-sudeste","status":"publish","type":"post","link":"https:\/\/diarioregionaldigital.com.br\/?p=202337","title":{"rendered":"Governo assina renova\u00e7\u00e3o antecipada da Malha Sudeste"},"content":{"rendered":"<div class=\"post-item-wrap\">\n<p>A Ag\u00eancia Nacional de Transportes Terrestres (ANTT), o Minist\u00e9rio da Infraestrutura e a concession\u00e1ria MRS Log\u00edstica S.A. assinaram, hoje (29), em Juiz de Fora (MG), o termo aditivo de renova\u00e7\u00e3o antecipada da Malha Sudeste, concedida em 1996 por 30 anos. A prorroga\u00e7\u00e3o consiste em mais 30 anos, a partir de 2026.<img decoding=\"async\" src=\"https:\/\/agenciabrasil.ebc.com.br\/ebc.png?id=1473455&amp;o=node\" \/><img decoding=\"async\" src=\"https:\/\/agenciabrasil.ebc.com.br\/ebc.gif?id=1473455&amp;o=node\" \/><\/p>\n<p>A\u00a0opera\u00e7\u00e3o da malha corresponde aos servi\u00e7os que se executam sobre a principal infraestrutura ferrovi\u00e1ria do Sudeste brasileiro, regi\u00e3o mais populosa do pa\u00eds e relevante para a economia nacional. S\u00e3o 1.643 km de extens\u00e3o, perpassando os estados de Minas Gerais, Rio\u00a0de Janeiro\u00a0e S\u00e3o Paulo, com opera\u00e7\u00e3o nos portos de Santos, Itagua\u00ed, Sudeste, Gua\u00edba e Rio\u00a0de Janeiro.<\/p>\n<p>\u201cPara execu\u00e7\u00e3o das opera\u00e7\u00f5es na malha, s\u00e3o alocadas mais de 800 locomotivas e de 18 mil vag\u00f5es, o que corresponde a 16% da frota ferrovi\u00e1ria nacional. Aproximadamente 30% de toda a carga ferrovi\u00e1ria brasileira passa pelos trilhos operados pela MRS, o que contribui para o desafogamento das estradas na Regi\u00e3o Sudeste\u201d, informou a ANTT.<\/p>\n<p>Segundo a ag\u00eancia, a prorroga\u00e7\u00e3o antecipada do contrato trar\u00e1 novos investimentos que ir\u00e3o proporcionar a diversifica\u00e7\u00e3o de cargas, maior seguran\u00e7a e melhoria na mobilidade urbana, com R$ 11 bilh\u00f5es em investimentos na capacita\u00e7\u00e3o da malha ferrovi\u00e1ria, na aquisi\u00e7\u00e3o de ativos e em projetos de interesse p\u00fablico.<\/p>\n<p><span style=\"font-weight: 400;\">Fonte: Ag\u00eancia Brasil <\/span><\/p>\n<\/div>\n","protected":false},"excerpt":{"rendered":"<p>A Ag\u00eancia Nacional de Transportes Terrestres (ANTT), o Minist\u00e9rio da Infraestrutura e a concession\u00e1ria MRS Log\u00edstica S.A. assinaram, hoje (29), em Juiz de Fora (MG), o termo aditivo de renova\u00e7\u00e3o antecipada da Malha Sudeste, concedida em 1996 por 30 anos. A prorroga\u00e7\u00e3o consiste em mais 30 anos, a partir de 2026. A\u00a0opera\u00e7\u00e3o da malha corresponde [&hellip;]<\/p>\n","protected":false},"author":246,"featured_media":202338,"comment_status":"closed","ping_status":"closed","sticky":false,"template":"","format":"standard","meta":{"footnotes":""},"categories":[436,261,439],"tags":[],"class_list":["post-202337","post","type-post","status-publish","format-standard","has-post-thumbnail","hentry","category-destaque-da-semana","category-economia","category-ultima-hora"],"_links":{"self":[{"href":"https:\/\/diarioregionaldigital.com.br\/index.php?rest_route=\/wp\/v2\/posts\/202337","targetHints":{"allow":["GET"]}}],"collection":[{"href":"https:\/\/diarioregionaldigital.com.br\/index.php?rest_route=\/wp\/v2\/posts"}],"about":[{"href":"https:\/\/diarioregionaldigital.com.br\/index.php?rest_route=\/wp\/v2\/types\/post"}],"author":[{"embeddable":true,"href":"https:\/\/diarioregionaldigital.com.br\/index.php?rest_route=\/wp\/v2\/users\/246"}],"replies":[{"embeddable":true,"href":"https:\/\/diarioregionaldigital.com.br\/index.php?rest_route=%2Fwp%2Fv2%2Fcomments&post=202337"}],"version-history":[{"count":1,"href":"https:\/\/diarioregionaldigital.com.br\/index.php?rest_route=\/wp\/v2\/posts\/202337\/revisions"}],"predecessor-version":[{"id":202339,"href":"https:\/\/diarioregionaldigital.com.br\/index.php?rest_route=\/wp\/v2\/posts\/202337\/revisions\/202339"}],"wp:featuredmedia":[{"embeddable":true,"href":"https:\/\/diarioregionaldigital.com.br\/index.php?rest_route=\/wp\/v2\/media\/202338"}],"wp:attachment":[{"href":"https:\/\/diarioregionaldigital.com.br\/index.php?rest_route=%2Fwp%2Fv2%2Fmedia&parent=202337"}],"wp:term":[{"taxonomy":"category","embeddable":true,"href":"https:\/\/diarioregionaldigital.com.br\/index.php?rest_route=%2Fwp%2Fv2%2Fcategories&post=202337"},{"taxonomy":"post_tag","embeddable":true,"href":"https:\/\/diarioregionaldigital.com.br\/index.php?rest_route=%2Fwp%2Fv2%2Ftags&post=202337"}],"curies":[{"name":"wp","href":"https:\/\/api.w.org\/{rel}","templated":true}]}}